{"id":117552,"date":"2022-06-08T23:59:34","date_gmt":"2022-06-08T21:59:34","guid":{"rendered":"https:\/\/radiostargjilan.com\/web\/?p=117552"},"modified":"2022-06-09T00:06:42","modified_gmt":"2022-06-08T22:06:42","slug":"lushtaku-reagon-me-ashpersi-pas-akuzave-nga-durmishi-albin-lidhi-zagaret","status":"publish","type":"post","link":"https:\/\/radiostargjilan.com\/web\/lushtaku-reagon-me-ashpersi-pas-akuzave-nga-durmishi-albin-lidhi-zagaret\/","title":{"rendered":"Lushtaku reagon me ashp\u00ebrsi pas akuzave nga Durmishi: Albin, lidhi zagar\u00ebt"},"content":{"rendered":"<p>Djali i Sami Lushtakut dhe nj\u00ebkoh\u00ebsisht deputeti i PDK-s\u00eb, M\u00ebrgim Lushtaku i ka reaguar me ashp\u00ebrsi z\u00ebvend\u00ebsministrit t\u00eb Infrastruktur\u00ebs, Hysen Durmishi.<\/p>\n<p>Durmishi sonte n\u00eb nj\u00eb emision televiziv tha se me ardhjen e Qeveris\u00eb Kurti jan\u00eb prishur planet e njer\u00ebzve t\u00eb liderit t\u00eb AAK-s\u00eb, Ramush Haradinajt dhe t\u00eb Sami Lushtakut t\u00eb cil\u00ebt sipas tij, fitonin miliona nga Ministria e Infrastruktur\u00ebs.<\/p>\n<p>Lushtaku i \u00ebsht\u00eb drejtuar kryeministrit Kurti duke i th\u00ebn\u00eb \u201cAlbin, lidhi zagar\u00ebt\u2019.<\/p>\n<p>Ai shtoi se do ta padis\u00eb Durmishin, sipas tij, p\u00ebr shpifjet q\u00eb i ka b\u00ebr\u00eb duke e p\u00ebrmendur Sami Lushtakun.<\/p>\n<p>\u201cDit\u00ebve t\u00eb fundit ka shp\u00ebrthyer afera n\u00eb Ministrin\u00eb e Infrastruktur\u00ebs. Ky sup\u00ebrskandal ka em\u00ebr e mbiem\u00ebr. Ajo \u00ebsht\u00eb e lidhur direkt me udh\u00ebheq\u00ebsit e k\u00ebsaj ministrie.  Tash, p\u00ebr t\u00eb shp\u00ebrqendruar v\u00ebmendjen, disa zagar\u00eb t\u00eb Albin Kurtit po merren me mua e me babain tim. Hysen Durmishi do t\u00eb p\u00ebrgjigjet n\u00eb gjykat\u00eb p\u00ebr shpifjet q\u00eb i b\u00ebn kur p\u00ebrmend Sami Lushtakun.<\/p>\n<p>Fillimisht do t\u00eb p\u00ebrgjigjeni n\u00eb gjykat\u00eb p\u00ebr skandalin e p\u00ebrgjimeve rreth dallavereve q\u00eb ju i b\u00ebni n\u00eb Ministri. Ju jeni hajna t\u00eb pafytyr\u00eb. Albin lidhi zagar\u00ebt!\u201d, shkroi Lushtaku n\u00eb rrjetin social Facebook.<\/p>\n","protected":false},"excerpt":{"rendered":"<p>Djali i Sami Lushtakut dhe nj\u00ebkoh\u00ebsisht deputeti i PDK-s\u00eb, M\u00ebrgim Lushtaku i ka reaguar me ashp\u00ebrsi z\u00ebvend\u00ebsministrit t\u00eb Infrastruktur\u00ebs, Hysen Durmishi. Durmishi sonte n\u00eb nj\u00eb emision televiziv tha se me ardhjen e Qeveris\u00eb Kurti jan\u00eb prishur planet e njer\u00ebzve t\u00eb liderit t\u00eb AAK-s\u00eb, Ramush Haradinajt dhe t\u00eb Sami Lushtakut t\u00eb cil\u00ebt sipas tij, fitonin miliona [&hellip;]<\/p>\n","protected":false},"author":1,"featured_media":117557,"comment_status":"closed","ping_status":"closed","sticky":false,"template":"","format":"standard","meta":{"footnotes":""},"categories":[5],"tags":[],"class_list":{"0":"post-117552","1":"post","2":"type-post","3":"status-publish","4":"format-standard","5":"has-post-thumbnail","7":"category-lajme"},"_links":{"self":[{"href":"https:\/\/radiostargjilan.com\/web\/wp-json\/wp\/v2\/posts\/117552","targetHints":{"allow":["GET"]}}],"collection":[{"href":"https:\/\/radiostargjilan.com\/web\/wp-json\/wp\/v2\/posts"}],"about":[{"href":"https:\/\/radiostargjilan.com\/web\/wp-json\/wp\/v2\/types\/post"}],"author":[{"embeddable":true,"href":"https:\/\/radiostargjilan.com\/web\/wp-json\/wp\/v2\/users\/1"}],"replies":[{"embeddable":true,"href":"https:\/\/radiostargjilan.com\/web\/wp-json\/wp\/v2\/comments?post=117552"}],"version-history":[{"count":0,"href":"https:\/\/radiostargjilan.com\/web\/wp-json\/wp\/v2\/posts\/117552\/revisions"}],"wp:featuredmedia":[{"embeddable":true,"href":"https:\/\/radiostargjilan.com\/web\/wp-json\/wp\/v2\/media\/117557"}],"wp:attachment":[{"href":"https:\/\/radiostargjilan.com\/web\/wp-json\/wp\/v2\/media?parent=117552"}],"wp:term":[{"taxonomy":"category","embeddable":true,"href":"https:\/\/radiostargjilan.com\/web\/wp-json\/wp\/v2\/categories?post=117552"},{"taxonomy":"post_tag","embeddable":true,"href":"https:\/\/radiostargjilan.com\/web\/wp-json\/wp\/v2\/tags?post=117552"}],"curies":[{"name":"wp","href":"https:\/\/api.w.org\/{rel}","templated":true}]}}