{"id":117680,"date":"2022-06-09T22:24:54","date_gmt":"2022-06-09T20:24:54","guid":{"rendered":"https:\/\/radiostargjilan.com\/web\/?p=117680"},"modified":"2022-06-09T22:24:54","modified_gmt":"2022-06-09T20:24:54","slug":"thaci-e-te-tjeret-pranojne-kerkesen-e-konjufces-per-vizite-ne-hage","status":"publish","type":"post","link":"https:\/\/radiostargjilan.com\/web\/thaci-e-te-tjeret-pranojne-kerkesen-e-konjufces-per-vizite-ne-hage\/","title":{"rendered":"Tha\u00e7i e t\u00eb tjer\u00ebt pranojn\u00eb k\u00ebrkes\u00ebn e Konjufc\u00ebs p\u00ebr vizit\u00eb n\u00eb Hag\u00eb"},"content":{"rendered":"<p>Kryetari i Kuvendit t\u00eb Kosov\u00ebs, Glauk Konjufca, pritet t\u00eb jet\u00eb zyrtari i par\u00eb i nivelit m\u00eb t\u00eb lart\u00eb, q\u00eb do t\u00eb takoj\u00eb, Tha\u00e7in, Veselin, Krasniqi e Selimin, q\u00eb jan\u00eb t\u00eb paraburgosur n\u00eb Dhomat e Specializuara t\u00eb Kosov\u00ebs n\u00eb Hag\u00eb.<\/p>\n<p>Konjufca do t\u00eb takoj\u00eb Hashim Tha\u00e7in, Kadri Veselin, Jakup Krasniqin e Rexhep Selimin, derisa ata vazhdojn\u00eb t\u00eb mbesin si t\u00eb paraburgosur, e mbi t\u00eb cil\u00ebt r\u00ebndojn\u00eb akuzat p\u00ebr krime lufte.<\/p>\n<p>T\u00eb nj\u00ebjtit e kan\u00eb pranuar k\u00ebrkes\u00ebn e Konjufc\u00ebs p\u00ebr vizit\u00eb dhe nj\u00eb gj\u00eb t\u00eb till\u00eb e konfirmuan burime t\u00eb RTK-s\u00eb.<\/p>\n<p>Aktualisht, kryetari i Kuvendit, Konjufca, ndodhet n\u00eb vizit\u00eb zyrtare n\u00eb Austri, ku u prit edhe nga homologu austriak si dhe pati takime t\u00eb tjera.<\/p>\n<p>Megjithat\u00eb, ende nuk dihet data se kur nj\u00eb vizit\u00eb e till\u00eb mund t\u00eb realizohet.<\/p>\n<p>Ministrja e Drejt\u00ebsis\u00eb, Albulena Haxhiu, \u00ebsht\u00eb zyrtarja m\u00eb e lart\u00eb q\u00eb deri m\u00eb tash ka vizituar Dhomat e Specializuara dhe ka takuar disa nga t\u00eb paraburgosurit, por jo edhe Tha\u00e7in e Veselin. Sipas Haxhiut, ishin ata q\u00eb nuk pranuan t\u00eb takohen me t\u00eb.<\/p>\n","protected":false},"excerpt":{"rendered":"<p>Kryetari i Kuvendit t\u00eb Kosov\u00ebs, Glauk Konjufca, pritet t\u00eb jet\u00eb zyrtari i par\u00eb i nivelit m\u00eb t\u00eb lart\u00eb, q\u00eb do t\u00eb takoj\u00eb, Tha\u00e7in, Veselin, Krasniqi e Selimin, q\u00eb jan\u00eb t\u00eb paraburgosur n\u00eb Dhomat e Specializuara t\u00eb Kosov\u00ebs n\u00eb Hag\u00eb. Konjufca do t\u00eb takoj\u00eb Hashim Tha\u00e7in, Kadri Veselin, Jakup Krasniqin e Rexhep Selimin, derisa ata vazhdojn\u00eb [&hellip;]<\/p>\n","protected":false},"author":1,"featured_media":117681,"comment_status":"closed","ping_status":"closed","sticky":false,"template":"","format":"standard","meta":{"footnotes":""},"categories":[5],"tags":[],"class_list":{"0":"post-117680","1":"post","2":"type-post","3":"status-publish","4":"format-standard","5":"has-post-thumbnail","7":"category-lajme"},"_links":{"self":[{"href":"https:\/\/radiostargjilan.com\/web\/wp-json\/wp\/v2\/posts\/117680","targetHints":{"allow":["GET"]}}],"collection":[{"href":"https:\/\/radiostargjilan.com\/web\/wp-json\/wp\/v2\/posts"}],"about":[{"href":"https:\/\/radiostargjilan.com\/web\/wp-json\/wp\/v2\/types\/post"}],"author":[{"embeddable":true,"href":"https:\/\/radiostargjilan.com\/web\/wp-json\/wp\/v2\/users\/1"}],"replies":[{"embeddable":true,"href":"https:\/\/radiostargjilan.com\/web\/wp-json\/wp\/v2\/comments?post=117680"}],"version-history":[{"count":0,"href":"https:\/\/radiostargjilan.com\/web\/wp-json\/wp\/v2\/posts\/117680\/revisions"}],"wp:featuredmedia":[{"embeddable":true,"href":"https:\/\/radiostargjilan.com\/web\/wp-json\/wp\/v2\/media\/117681"}],"wp:attachment":[{"href":"https:\/\/radiostargjilan.com\/web\/wp-json\/wp\/v2\/media?parent=117680"}],"wp:term":[{"taxonomy":"category","embeddable":true,"href":"https:\/\/radiostargjilan.com\/web\/wp-json\/wp\/v2\/categories?post=117680"},{"taxonomy":"post_tag","embeddable":true,"href":"https:\/\/radiostargjilan.com\/web\/wp-json\/wp\/v2\/tags?post=117680"}],"curies":[{"name":"wp","href":"https:\/\/api.w.org\/{rel}","templated":true}]}}