{"id":118216,"date":"2022-06-16T14:18:27","date_gmt":"2022-06-16T12:18:27","guid":{"rendered":"https:\/\/radiostargjilan.com\/web\/?p=118216"},"modified":"2022-06-16T14:18:27","modified_gmt":"2022-06-16T12:18:27","slug":"ndahet-nga-jeta-ne-moshen-55-vjece-halil-xhelili","status":"publish","type":"post","link":"https:\/\/radiostargjilan.com\/web\/ndahet-nga-jeta-ne-moshen-55-vjece-halil-xhelili\/","title":{"rendered":"Ndahet nga jeta n\u00eb mosh\u00ebn 55-vje\u00e7e, Halil Xhelili"},"content":{"rendered":"<p>Ka nd\u00ebrruar jet\u00eb n\u00eb mosh\u00ebn 55-vje\u00e7are Halil Xhelili, pun\u00ebtor i gjimnazit \u2018Zenal Hajdini\u2019 n\u00eb Gjilan.<\/p>\n<p>Njoftimin e kan\u00eb dh\u00ebn\u00eb familjar\u00ebt, t\u00eb cil\u00ebt nj\u00ebher\u00ebsh kan\u00eb njoftuar se varrimi b\u00ebhet nes\u00ebr, kurse t\u00eb pamet mbahen nga e shtuna deri t\u00eb h\u00ebn\u00ebn.<\/p>\n<p>Z\u00ebvend\u00ebsdrejtori i gjimnazit, Nexhat Buzuku ka b\u00ebr\u00eb nj\u00eb dedikim p\u00ebr kolegun Halil Xhelili.<\/p>\n<p>\u2018Sot me pik\u00ebllim t\u00eb thell\u00eb m\u00ebsuam p\u00ebr vdekjen e shokut ton\u00eb, Halil Xhelilit<\/p>\n<p>Jemi shum\u00eb t\u00eb trishtuar p\u00ebr vdekjen e shokut ton\u00eb.<\/p>\n<p>Ne e kishim t\u00eb v\u00ebshtir\u00eb ta pranonim lajmin p\u00ebr vdekjen e Halilit.<\/p>\n<p>Ne vajtojm\u00eb thell\u00eb vdekjen e Halilit. P\u00ebr ne, ai ishte gjithmon\u00eb nj\u00eb shembull i ndjeshm\u00ebris\u00eb, v\u00ebmendjes ndaj t\u00eb tjer\u00ebve.<\/p>\n<p>Dallohej p\u00ebr tipare pozitive, komunikues dhe plot jet\u00eb.<\/p>\n<p>\u00cbsht\u00eb nj\u00eb goditje e r\u00ebnd\u00eb p\u00ebr ne largimi i Halilit nga kjo bot\u00eb.<\/p>\n<p>Ai n\u00eb t\u00eb gjall\u00eb sh\u00ebrbeu si model frym\u00ebzimi me batutat, me leximet, me fragmentet nga romanet q\u00eb lexonte vazhdimisht.<\/p>\n<p>\u00cbsht\u00eb e v\u00ebshtir\u00eb t\u00eb besohet se ai tashm\u00eb \u00ebsht\u00eb shuar dhe nuk do t\u00eb jet\u00eb n\u00eb mesin ton\u00eb.<\/p>\n<p>Q\u2019i duhen vdekjes njer\u00ebz q\u00eb e duan jet\u00ebn, q\u00eb i duhen jet\u00ebs, sikur Halili yn\u00eb, shoku yn\u00eb i pun\u00ebs.<\/p>\n<p>Ngush\u00ebllime t\u00eb sinqerta familjes dhe shok\u00ebve t\u00eb tij t\u00eb pun\u00ebs!<\/p>\n<p>U preht\u00eb n\u00eb paqen e pasosun t\u00eb yllsis\u00eb!\u2019 \u2013 ka shkruar Buzuku.<\/p>\n<p>Halil Xhelili la pas vete bashk\u00ebshorten dhe dy f\u00ebmij\u00eb. \/Mediafokus.info<\/p>\n","protected":false},"excerpt":{"rendered":"<p>Ka nd\u00ebrruar jet\u00eb n\u00eb mosh\u00ebn 55-vje\u00e7are Halil Xhelili, pun\u00ebtor i gjimnazit \u2018Zenal Hajdini\u2019 n\u00eb Gjilan. Njoftimin e kan\u00eb dh\u00ebn\u00eb familjar\u00ebt, t\u00eb cil\u00ebt nj\u00ebher\u00ebsh kan\u00eb njoftuar se varrimi b\u00ebhet nes\u00ebr, kurse t\u00eb pamet mbahen nga e shtuna deri t\u00eb h\u00ebn\u00ebn. Z\u00ebvend\u00ebsdrejtori i gjimnazit, Nexhat Buzuku ka b\u00ebr\u00eb nj\u00eb dedikim p\u00ebr kolegun Halil Xhelili. \u2018Sot me pik\u00ebllim [&hellip;]<\/p>\n","protected":false},"author":1,"featured_media":118217,"comment_status":"closed","ping_status":"closed","sticky":false,"template":"","format":"standard","meta":{"footnotes":""},"categories":[5],"tags":[],"class_list":{"0":"post-118216","1":"post","2":"type-post","3":"status-publish","4":"format-standard","5":"has-post-thumbnail","7":"category-lajme"},"_links":{"self":[{"href":"https:\/\/radiostargjilan.com\/web\/wp-json\/wp\/v2\/posts\/118216","targetHints":{"allow":["GET"]}}],"collection":[{"href":"https:\/\/radiostargjilan.com\/web\/wp-json\/wp\/v2\/posts"}],"about":[{"href":"https:\/\/radiostargjilan.com\/web\/wp-json\/wp\/v2\/types\/post"}],"author":[{"embeddable":true,"href":"https:\/\/radiostargjilan.com\/web\/wp-json\/wp\/v2\/users\/1"}],"replies":[{"embeddable":true,"href":"https:\/\/radiostargjilan.com\/web\/wp-json\/wp\/v2\/comments?post=118216"}],"version-history":[{"count":0,"href":"https:\/\/radiostargjilan.com\/web\/wp-json\/wp\/v2\/posts\/118216\/revisions"}],"wp:featuredmedia":[{"embeddable":true,"href":"https:\/\/radiostargjilan.com\/web\/wp-json\/wp\/v2\/media\/118217"}],"wp:attachment":[{"href":"https:\/\/radiostargjilan.com\/web\/wp-json\/wp\/v2\/media?parent=118216"}],"wp:term":[{"taxonomy":"category","embeddable":true,"href":"https:\/\/radiostargjilan.com\/web\/wp-json\/wp\/v2\/categories?post=118216"},{"taxonomy":"post_tag","embeddable":true,"href":"https:\/\/radiostargjilan.com\/web\/wp-json\/wp\/v2\/tags?post=118216"}],"curies":[{"name":"wp","href":"https:\/\/api.w.org\/{rel}","templated":true}]}}