{"id":118222,"date":"2022-06-16T14:42:02","date_gmt":"2022-06-16T12:42:02","guid":{"rendered":"https:\/\/radiostargjilan.com\/web\/?p=118222"},"modified":"2022-06-16T14:42:02","modified_gmt":"2022-06-16T12:42:02","slug":"vjen-konfirmimi-franca-tha-se-me-23-qershor-diskutohet-heqja-e-vizave-per-kosoven","status":"publish","type":"post","link":"https:\/\/radiostargjilan.com\/web\/vjen-konfirmimi-franca-tha-se-me-23-qershor-diskutohet-heqja-e-vizave-per-kosoven\/","title":{"rendered":"Vjen konfirmimi: Franca tha se m\u00eb 23 qershor diskutohet heqja e vizave p\u00ebr Kosov\u00ebn"},"content":{"rendered":"<p>Ministria e Pun\u00ebve t\u00eb Jashtme t\u00eb Franc\u00ebs u \u00ebsht\u00eb p\u00ebrgjigjur pyetjeve lidhur me heqjen e vizave p\u00ebr qytetar\u00ebt e Kosov\u00ebs, duke konfirmuar se nj\u00eb \u00e7\u00ebshtje e till\u00eb do t\u00eb trajtohet n\u00eb Samitin e Bashkimit Europian me Ballkanin Per\u00ebndimor.<\/p>\n<p>MPJ franceze n\u00eb nj\u00eb p\u00ebrgjigje q\u00eb e ka publikuar n\u00eb faqen zyrtare t\u00eb saj, ka th\u00ebn\u00eb se takimi i 23 qershorit do t\u00eb jet\u00eb mund\u00ebsi p\u00ebr t\u00eb diskutuar tema t\u00eb r\u00ebnd\u00ebsishme.<\/p>\n<p>\u201cPavar\u00ebsisht rekomandimeve t\u00eb Komisionit Evropian, kosovar\u00ebt nuk kan\u00eb qasje n\u00eb viz\u00ebn Shengen. Sipas Prishtin\u00ebs, Franca \u00ebsht\u00eb nj\u00eb nga vendet q\u00eb po e ngadal\u00ebson k\u00ebt\u00eb proces. Pse eshte ajo? A do t\u00eb trajtohet kjo tem\u00eb n\u00eb Samitin BE-Ballkani Per\u00ebndimor?\u201d, ka qen\u00eb pyetja drejtuar MPJ-s\u00eb franceze.<\/p>\n<p>\u201cTakimi i 23 qershorit i lider\u00ebve nga Bashkimi Evropian \u2013 Ballkani Per\u00ebndimor do t\u00eb jet\u00eb nj\u00eb mund\u00ebsi p\u00ebr t\u00eb diskutuar mund\u00ebsin\u00eb q\u00eb vendet n\u00eb rajon t\u00eb p\u00ebrmbushin perspektiv\u00ebn e tyre evropiane, nd\u00ebr temat e tjera\u201d, thuhet n\u00eb k\u00ebt\u00eb p\u00ebrgjigje.<\/p>\n<p>Mes tjerash, Franca ka th\u00ebn\u00eb sa i p\u00ebrket heqjes s\u00eb vizave p\u00ebr Kosov\u00ebn, kushtet n\u00eb lidhje me k\u00ebt\u00eb duhet t\u00eb p\u00ebrmbushen efektivisht n\u00eb afat t\u00eb gjat\u00eb.<\/p>\n<p>\u201cP\u00ebr sa i p\u00ebrket liberalizimit t\u00eb vizave p\u00ebr Kosov\u00ebn, kjo \u00e7\u00ebshtje \u00ebsht\u00eb pjes\u00eb e udh\u00ebrr\u00ebfyesit q\u00eb \u00ebsht\u00eb miratuar nga Bashkimi Evropian, i cili p\u00ebrfshin nj\u00eb s\u00ebr\u00eb kushtesh q\u00eb duhet t\u00eb p\u00ebrmbushen efektivisht n\u00eb afat t\u00eb gjat\u00eb\u201d, shkruan mes tjerash, p\u00ebrcjell Demokracia.com.<\/p>\n<p>Kat\u00ebr vjet m\u00eb par\u00eb, Komisioni Evropian rekomandoi heqjen e regjimit t\u00eb vizave p\u00ebr Kosov\u00ebn. Liberalizimi u votua edhe n\u00eb Parlamentin Evropian, porse vendimi final ka mbetur te K\u00ebshilli i Ministrave t\u00eb BE-s\u00eb.<\/p>\n<p>Ndryshe, Kosov\u00ebs i \u00ebsht\u00eb premtuar liberalizimi i vizave q\u00eb nga viti 2011, megjithat\u00eb si\u00e7 ka m\u00ebsuar Demokracia.com n\u00ebse i hapen negociatat Shqip\u00ebris\u00eb dhe Maqedonis\u00eb s\u00eb Veriut, gjasat jan\u00eb shum\u00eb t\u00eb mira q\u00eb t\u00eb hiqet regjimi i vizave edhe p\u00ebr qytetar\u00ebt e Kosov\u00ebs.<\/p>\n<p>Kosova \u00ebsht\u00eb vendi i vet\u00ebm n\u00eb Ballkanin Per\u00ebndimor, qytetar\u00ebt e s\u00eb cil\u00ebs nuk g\u00ebzojn\u00eb t\u00eb drejt\u00ebn e l\u00ebvizjes s\u00eb lir\u00eb n\u00eb zon\u00ebn e Shengenit.<\/p>\n","protected":false},"excerpt":{"rendered":"<p>Ministria e Pun\u00ebve t\u00eb Jashtme t\u00eb Franc\u00ebs u \u00ebsht\u00eb p\u00ebrgjigjur pyetjeve lidhur me heqjen e vizave p\u00ebr qytetar\u00ebt e Kosov\u00ebs, duke konfirmuar se nj\u00eb \u00e7\u00ebshtje e till\u00eb do t\u00eb trajtohet n\u00eb Samitin e Bashkimit Europian me Ballkanin Per\u00ebndimor. MPJ franceze n\u00eb nj\u00eb p\u00ebrgjigje q\u00eb e ka publikuar n\u00eb faqen zyrtare t\u00eb saj, ka th\u00ebn\u00eb se [&hellip;]<\/p>\n","protected":false},"author":1,"featured_media":118223,"comment_status":"closed","ping_status":"closed","sticky":false,"template":"","format":"standard","meta":{"footnotes":""},"categories":[5],"tags":[],"class_list":{"0":"post-118222","1":"post","2":"type-post","3":"status-publish","4":"format-standard","5":"has-post-thumbnail","7":"category-lajme"},"_links":{"self":[{"href":"https:\/\/radiostargjilan.com\/web\/wp-json\/wp\/v2\/posts\/118222","targetHints":{"allow":["GET"]}}],"collection":[{"href":"https:\/\/radiostargjilan.com\/web\/wp-json\/wp\/v2\/posts"}],"about":[{"href":"https:\/\/radiostargjilan.com\/web\/wp-json\/wp\/v2\/types\/post"}],"author":[{"embeddable":true,"href":"https:\/\/radiostargjilan.com\/web\/wp-json\/wp\/v2\/users\/1"}],"replies":[{"embeddable":true,"href":"https:\/\/radiostargjilan.com\/web\/wp-json\/wp\/v2\/comments?post=118222"}],"version-history":[{"count":0,"href":"https:\/\/radiostargjilan.com\/web\/wp-json\/wp\/v2\/posts\/118222\/revisions"}],"wp:featuredmedia":[{"embeddable":true,"href":"https:\/\/radiostargjilan.com\/web\/wp-json\/wp\/v2\/media\/118223"}],"wp:attachment":[{"href":"https:\/\/radiostargjilan.com\/web\/wp-json\/wp\/v2\/media?parent=118222"}],"wp:term":[{"taxonomy":"category","embeddable":true,"href":"https:\/\/radiostargjilan.com\/web\/wp-json\/wp\/v2\/categories?post=118222"},{"taxonomy":"post_tag","embeddable":true,"href":"https:\/\/radiostargjilan.com\/web\/wp-json\/wp\/v2\/tags?post=118222"}],"curies":[{"name":"wp","href":"https:\/\/api.w.org\/{rel}","templated":true}]}}