{"id":118764,"date":"2022-06-21T19:48:59","date_gmt":"2022-06-21T17:48:59","guid":{"rendered":"https:\/\/radiostargjilan.com\/web\/?p=118764"},"modified":"2022-06-21T19:48:59","modified_gmt":"2022-06-21T17:48:59","slug":"bleron-mulliqi-nje-tjeter-talent-i-thote-po-kosoves-i-lumtur-qe-do-te-luaj-per-vendlindjen-e-prinderve","status":"publish","type":"post","link":"https:\/\/radiostargjilan.com\/web\/bleron-mulliqi-nje-tjeter-talent-i-thote-po-kosoves-i-lumtur-qe-do-te-luaj-per-vendlindjen-e-prinderve\/","title":{"rendered":"Bleron Mulliqi  nj\u00eb tjet\u00ebr talent i thot\u00eb \u201cPo\u201d Kosov\u00ebs: I lumtur q\u00eb do t\u00eb luaj p\u00ebr vendlindjen e prind\u00ebrve"},"content":{"rendered":"<p>Futbollisti me prejardhje shqiptare nga Raushiqi i Pej\u00ebs, 19 vjeqari Bleron Mulliqi, me krenari i ka th\u00ebn\u00eb \u201cpo\u201d Komb\u00ebtar\u00ebs s\u00eb Kosov\u00ebs U21 p\u00ebr t\u00eb qen\u00eb pjes\u00eb e saj.<\/p>\n<p>Mulliqi konsiderohet nj\u00ebri nd\u00ebr talent\u00ebt e rrall\u00eb n\u00eb klubin zviceran, Servette, ai tani e dy vite ushtron edhe me skuadr\u00ebn e par\u00eb t\u00eb Servettit, nd\u00ebrsa n\u00eb U-21 n\u00eb k\u00ebt\u00eb klub \u00ebsht\u00eb nj\u00ebri nd\u00ebr m\u00eb t\u00eb dalluarit.<\/p>\n<p>Mulliqi edhe pse ka pasur oferta q\u00eb t\u00eb p\u00ebrfaq\u00ebsoj\u00eb shtetin e Zvicrr\u00ebs, ai me shum\u00eb krenari dhe d\u00ebshir\u00eb ka deklaruar se do t\u00eb jet\u00eb i gatsh\u00ebm dhe do ta pranoj\u00eb vet\u00ebm Komb\u00ebtar\u00ebn e Kosov\u00ebs.<\/p>\n<p>Sot n\u00eb lokalet e Federat\u00ebs s\u00eb Futbollit t\u00eb Kosov\u00ebs, Bleron Mulliqi ishte n\u00eb takim me Kryetarin e FFK-s\u00eb, Agim Ademi, duke u shpreh\u00eb se do ta jap m\u00eb t\u00eb mir\u00ebn p\u00ebr fanelen e \u201cDardan\u00ebve\u201d.<br \/>\n\u201cJam shum\u00eb i lumtur, e kam \u00ebnd\u00ebruar k\u00ebt\u00eb dit\u00eb q\u00eb ta veshi fanel\u00ebn e Kosov\u00ebs dhe ti mbroj\u00eb ngjyrat e Komb\u00ebtar\u00ebs s\u00eb Kosov\u00ebs. Jam shum\u00eb i lumtur dhe do t\u00eb jap gjithqka nga vetja, nd\u00ebrsa i falenderohem presidentit Agim Ademit i cili ma ka dh\u00ebn\u00eb mund\u00ebsin\u00eb q\u00eb sot t\u00eb jem k\u00ebtu. Kur do t\u00eb kem rastin, dua q\u00eb \u201cDardan\u00ebt\u201d ti b\u00ebj\u00eb krenar me paraqitjet e mija\u201d, ka b\u00ebr\u00eb t\u00eb ditur futbollisti Bleron Mulliqi.<\/p>\n","protected":false},"excerpt":{"rendered":"<p>Futbollisti me prejardhje shqiptare nga Raushiqi i Pej\u00ebs, 19 vjeqari Bleron Mulliqi, me krenari i ka th\u00ebn\u00eb \u201cpo\u201d Komb\u00ebtar\u00ebs s\u00eb Kosov\u00ebs U21 p\u00ebr t\u00eb qen\u00eb pjes\u00eb e saj. Mulliqi konsiderohet nj\u00ebri nd\u00ebr talent\u00ebt e rrall\u00eb n\u00eb klubin zviceran, Servette, ai tani e dy vite ushtron edhe me skuadr\u00ebn e par\u00eb t\u00eb Servettit, nd\u00ebrsa n\u00eb U-21 [&hellip;]<\/p>\n","protected":false},"author":1,"featured_media":118765,"comment_status":"closed","ping_status":"closed","sticky":false,"template":"","format":"standard","meta":{"footnotes":""},"categories":[7],"tags":[],"class_list":{"0":"post-118764","1":"post","2":"type-post","3":"status-publish","4":"format-standard","5":"has-post-thumbnail","7":"category-sports"},"_links":{"self":[{"href":"https:\/\/radiostargjilan.com\/web\/wp-json\/wp\/v2\/posts\/118764","targetHints":{"allow":["GET"]}}],"collection":[{"href":"https:\/\/radiostargjilan.com\/web\/wp-json\/wp\/v2\/posts"}],"about":[{"href":"https:\/\/radiostargjilan.com\/web\/wp-json\/wp\/v2\/types\/post"}],"author":[{"embeddable":true,"href":"https:\/\/radiostargjilan.com\/web\/wp-json\/wp\/v2\/users\/1"}],"replies":[{"embeddable":true,"href":"https:\/\/radiostargjilan.com\/web\/wp-json\/wp\/v2\/comments?post=118764"}],"version-history":[{"count":0,"href":"https:\/\/radiostargjilan.com\/web\/wp-json\/wp\/v2\/posts\/118764\/revisions"}],"wp:featuredmedia":[{"embeddable":true,"href":"https:\/\/radiostargjilan.com\/web\/wp-json\/wp\/v2\/media\/118765"}],"wp:attachment":[{"href":"https:\/\/radiostargjilan.com\/web\/wp-json\/wp\/v2\/media?parent=118764"}],"wp:term":[{"taxonomy":"category","embeddable":true,"href":"https:\/\/radiostargjilan.com\/web\/wp-json\/wp\/v2\/categories?post=118764"},{"taxonomy":"post_tag","embeddable":true,"href":"https:\/\/radiostargjilan.com\/web\/wp-json\/wp\/v2\/tags?post=118764"}],"curies":[{"name":"wp","href":"https:\/\/api.w.org\/{rel}","templated":true}]}}