{"id":118770,"date":"2022-06-21T21:11:33","date_gmt":"2022-06-21T19:11:33","guid":{"rendered":"https:\/\/radiostargjilan.com\/web\/?p=118770"},"modified":"2022-06-21T21:11:33","modified_gmt":"2022-06-21T19:11:33","slug":"ademi-kampi-nacional-solli-shume-cilesi-e-deshmi-se-e-ardhmja-e-futbollit-eshte-e-ndritur","status":"publish","type":"post","link":"https:\/\/radiostargjilan.com\/web\/ademi-kampi-nacional-solli-shume-cilesi-e-deshmi-se-e-ardhmja-e-futbollit-eshte-e-ndritur\/","title":{"rendered":"Ademi: Kampi Nacional solli shum\u00eb cil\u00ebsi e d\u00ebshmi se e ardhmja e futbollit \u00ebsht\u00eb e ndritur"},"content":{"rendered":"<p>Presidenti i Federat\u00ebs s\u00eb Futbollit t\u00eb Kosov\u00ebs, Agim Ademi ka q\u00ebndruar edhe sot af\u00ebr grupmoshave t\u00eb reja ku u zhvilluan ndeshjet finale n\u00eb U13, U15 e U17, t\u00eb cilat soll\u00ebn shum\u00eb cil\u00ebsi dhe arg\u00ebtim p\u00ebr t\u00eb rinjt\u00eb, shkruan Demokracia.com.<\/p>\n<p>Ademi ka p\u00ebrg\u00ebzuar FFKn p\u00ebr k\u00ebt\u00eb organizim t\u00eb shk\u00eblqyesh\u00ebm derisa ka p\u00ebrg\u00ebzuar talentet p\u00ebr pun\u00ebn e madhe q\u00eb po b\u00ebjn\u00eb n\u00eb klubet e tyre<\/p>\n<p>Postimi i plot\u00eb i Agim Ademit:<\/p>\n<p>Sot u p\u00ebrmbyll\u00ebn me sukses garat e \u201cPlay-Off\u201d-it Nacional p\u00ebr grupmoshat 13, 15 dhe 17-vje\u00e7, t\u00eb cilat u mbajt\u00ebn n\u00ebn organizimin e FFK-s\u00eb n\u00eb Kampin Nacional n\u00eb Hajvali.<\/p>\n<p>Ndeshjet e k\u00ebsaj gare dhuruan loj\u00ebra interesante, rivalitet sportiv e p\u00ebrplot emocione.<\/p>\n<p>Shpreh mir\u00ebnjohjen time p\u00ebr t\u00eb gjitha ekipet pjes\u00ebmarr\u00ebse p\u00ebr gar\u00eb korrekte, teksa uroj ekipet kampione SHF \u201cKurda\u201d n\u00eb U-13, KF Ramiz Sadiku n\u00eb U-15 dhe KF Ulpiana n\u00eb U-17.<\/p>\n<p>Po ashtu, p\u00ebrg\u00ebzoj KF Drita dhe KF Drenica q\u00eb s\u00eb bashku me KF Ulpiana e siguruan inkuadrimin n\u00eb Superlig\u00ebn U17.<\/p>\n<p>Mir\u00ebnjohje e fal\u00ebnderim p\u00ebr an\u00ebtarin e KE t\u00eb FFK-s\u00eb, Ismajl Ajeti me ekipin organizativ, p\u00ebr stafin e Kampit Nacional, p\u00ebr ekipin e zyr\u00ebs p\u00ebr media, gjyqtar\u00ebt dhe delegat\u00ebt e ndeshjeve dhe ekipin e VAR-it p\u00ebr nj\u00eb pun\u00eb t\u00eb jasht\u00ebzakonshme gjat\u00eb k\u00ebtyre tet\u00eb dit\u00ebve t\u00eb garave t\u00eb \u201cPlay-Off\u201d-it.<\/p>\n","protected":false},"excerpt":{"rendered":"<p>Presidenti i Federat\u00ebs s\u00eb Futbollit t\u00eb Kosov\u00ebs, Agim Ademi ka q\u00ebndruar edhe sot af\u00ebr grupmoshave t\u00eb reja ku u zhvilluan ndeshjet finale n\u00eb U13, U15 e U17, t\u00eb cilat soll\u00ebn shum\u00eb cil\u00ebsi dhe arg\u00ebtim p\u00ebr t\u00eb rinjt\u00eb, shkruan Demokracia.com. Ademi ka p\u00ebrg\u00ebzuar FFKn p\u00ebr k\u00ebt\u00eb organizim t\u00eb shk\u00eblqyesh\u00ebm derisa ka p\u00ebrg\u00ebzuar talentet p\u00ebr pun\u00ebn e [&hellip;]<\/p>\n","protected":false},"author":1,"featured_media":118771,"comment_status":"closed","ping_status":"closed","sticky":false,"template":"","format":"standard","meta":{"footnotes":""},"categories":[7],"tags":[],"class_list":{"0":"post-118770","1":"post","2":"type-post","3":"status-publish","4":"format-standard","5":"has-post-thumbnail","7":"category-sports"},"_links":{"self":[{"href":"https:\/\/radiostargjilan.com\/web\/wp-json\/wp\/v2\/posts\/118770","targetHints":{"allow":["GET"]}}],"collection":[{"href":"https:\/\/radiostargjilan.com\/web\/wp-json\/wp\/v2\/posts"}],"about":[{"href":"https:\/\/radiostargjilan.com\/web\/wp-json\/wp\/v2\/types\/post"}],"author":[{"embeddable":true,"href":"https:\/\/radiostargjilan.com\/web\/wp-json\/wp\/v2\/users\/1"}],"replies":[{"embeddable":true,"href":"https:\/\/radiostargjilan.com\/web\/wp-json\/wp\/v2\/comments?post=118770"}],"version-history":[{"count":0,"href":"https:\/\/radiostargjilan.com\/web\/wp-json\/wp\/v2\/posts\/118770\/revisions"}],"wp:featuredmedia":[{"embeddable":true,"href":"https:\/\/radiostargjilan.com\/web\/wp-json\/wp\/v2\/media\/118771"}],"wp:attachment":[{"href":"https:\/\/radiostargjilan.com\/web\/wp-json\/wp\/v2\/media?parent=118770"}],"wp:term":[{"taxonomy":"category","embeddable":true,"href":"https:\/\/radiostargjilan.com\/web\/wp-json\/wp\/v2\/categories?post=118770"},{"taxonomy":"post_tag","embeddable":true,"href":"https:\/\/radiostargjilan.com\/web\/wp-json\/wp\/v2\/tags?post=118770"}],"curies":[{"name":"wp","href":"https:\/\/api.w.org\/{rel}","templated":true}]}}