{"id":118782,"date":"2022-06-21T23:13:37","date_gmt":"2022-06-21T21:13:37","guid":{"rendered":"https:\/\/radiostargjilan.com\/web\/?p=118782"},"modified":"2022-06-21T23:13:37","modified_gmt":"2022-06-21T21:13:37","slug":"baton-zabergja-transferimi-me-i-ri-tek-sc-gjilani","status":"publish","type":"post","link":"https:\/\/radiostargjilan.com\/web\/baton-zabergja-transferimi-me-i-ri-tek-sc-gjilani\/","title":{"rendered":"Baton Zab\u00ebrgja transferimi m\u00eb i ri tek SC Gjilani"},"content":{"rendered":"<p>SC Gjilani ka b\u00ebr\u00eb transferimin e par\u00eb dit\u00ebn e sotme dhe ai \u00ebsht\u00eb mbrojt\u00ebsi Besart Krivanjeva.<\/p>\n<p>Por ka qen\u00eb nj\u00eb dit\u00eb shum\u00eb aktive p\u00ebr drejtuesit e klubit gjilanas, pasi sapo kan\u00eb mbyllur marr\u00ebveshjen me sulmuesin Baton Zab\u00ebrgja.<\/p>\n<p>Gazeta Olle m\u00ebson se marr\u00ebveshja mes Gjilanit dhe Zab\u00ebrgj\u00ebs \u00ebsht\u00eb arritur or\u00eb m\u00eb par\u00eb dhe sulmuesi ka pranuar ofert\u00eb e klubit q\u00eb udh\u00ebhiqet nga Zekirija Ramadani.<\/p>\n<p>Gjat\u00eb dit\u00ebs s\u00eb nes\u00ebrme (e m\u00ebrkure), Zab\u00ebrgja do t\u00eb udh\u00ebtoj\u00eb drejt Oh\u00ebrit ku SC Gjilani po q\u00ebndron p\u00ebr faz\u00ebn p\u00ebrgatitore dhe do t\u00eb jet\u00eb n\u00ebn urdhrat e trajnerit Ramadani.<\/p>\n<p>Reprezentuesi i Kosov\u00ebs U21 ka pasur nj\u00eb vit fantastik me Drenic\u00ebn dhe shum\u00eb skuadra ishin v\u00ebn\u00eb pas tij.<\/p>\n<p>Gjilani ka fituar gar\u00ebn p\u00ebr Zab\u00ebrgj\u00ebn me skuadrat si Llapi, Prishtina, Ballkani e Malisheva q\u00eb gjithashtu e k\u00ebrkonin talentin vushtrrias. \/Gazeta Olle\/<\/p>\n","protected":false},"excerpt":{"rendered":"<p>SC Gjilani ka b\u00ebr\u00eb transferimin e par\u00eb dit\u00ebn e sotme dhe ai \u00ebsht\u00eb mbrojt\u00ebsi Besart Krivanjeva. Por ka qen\u00eb nj\u00eb dit\u00eb shum\u00eb aktive p\u00ebr drejtuesit e klubit gjilanas, pasi sapo kan\u00eb mbyllur marr\u00ebveshjen me sulmuesin Baton Zab\u00ebrgja. Gazeta Olle m\u00ebson se marr\u00ebveshja mes Gjilanit dhe Zab\u00ebrgj\u00ebs \u00ebsht\u00eb arritur or\u00eb m\u00eb par\u00eb dhe sulmuesi ka pranuar [&hellip;]<\/p>\n","protected":false},"author":1,"featured_media":118784,"comment_status":"closed","ping_status":"closed","sticky":false,"template":"","format":"standard","meta":{"footnotes":""},"categories":[7],"tags":[],"class_list":{"0":"post-118782","1":"post","2":"type-post","3":"status-publish","4":"format-standard","5":"has-post-thumbnail","7":"category-sports"},"_links":{"self":[{"href":"https:\/\/radiostargjilan.com\/web\/wp-json\/wp\/v2\/posts\/118782","targetHints":{"allow":["GET"]}}],"collection":[{"href":"https:\/\/radiostargjilan.com\/web\/wp-json\/wp\/v2\/posts"}],"about":[{"href":"https:\/\/radiostargjilan.com\/web\/wp-json\/wp\/v2\/types\/post"}],"author":[{"embeddable":true,"href":"https:\/\/radiostargjilan.com\/web\/wp-json\/wp\/v2\/users\/1"}],"replies":[{"embeddable":true,"href":"https:\/\/radiostargjilan.com\/web\/wp-json\/wp\/v2\/comments?post=118782"}],"version-history":[{"count":0,"href":"https:\/\/radiostargjilan.com\/web\/wp-json\/wp\/v2\/posts\/118782\/revisions"}],"wp:featuredmedia":[{"embeddable":true,"href":"https:\/\/radiostargjilan.com\/web\/wp-json\/wp\/v2\/media\/118784"}],"wp:attachment":[{"href":"https:\/\/radiostargjilan.com\/web\/wp-json\/wp\/v2\/media?parent=118782"}],"wp:term":[{"taxonomy":"category","embeddable":true,"href":"https:\/\/radiostargjilan.com\/web\/wp-json\/wp\/v2\/categories?post=118782"},{"taxonomy":"post_tag","embeddable":true,"href":"https:\/\/radiostargjilan.com\/web\/wp-json\/wp\/v2\/tags?post=118782"}],"curies":[{"name":"wp","href":"https:\/\/api.w.org\/{rel}","templated":true}]}}