{"id":118798,"date":"2022-06-22T08:31:07","date_gmt":"2022-06-22T06:31:07","guid":{"rendered":"https:\/\/radiostargjilan.com\/web\/?p=118798"},"modified":"2022-06-22T08:31:07","modified_gmt":"2022-06-22T06:31:07","slug":"nagavci-ndryshon-menyren-e-vijimit-te-vitit-shkollor-me-kerkese-te-mesimdhenesve-nxenesve-e-prinderve","status":"publish","type":"post","link":"https:\/\/radiostargjilan.com\/web\/nagavci-ndryshon-menyren-e-vijimit-te-vitit-shkollor-me-kerkese-te-mesimdhenesve-nxenesve-e-prinderve\/","title":{"rendered":"Nagavci ndryshon m\u00ebnyr\u00ebn e vijimit t\u00eb vitit shkollor: Me k\u00ebrkes\u00eb t\u00eb m\u00ebsimdh\u00ebn\u00ebsve, nx\u00ebn\u00ebsve e prind\u00ebrve"},"content":{"rendered":"<p>Ministrja e Arsimit, Shkenc\u00ebs, Teknologjis\u00eb dhe Inovacionit, Arb\u00ebrie Nagavci, ka njoftuar se viti shkollor do t\u00eb ndahet n\u00eb dy periudha kohore (gjysm\u00ebvjetori i par\u00eb dhe gjysm\u00ebvjetori i dyt\u00eb), p\u00ebr, si\u00e7 tha ajo, vler\u00ebsim sa m\u00eb objektiv, t\u00eb drejt\u00eb, transparent, valid e m\u00eb praktik, t\u00eb nx\u00ebn\u00ebsve.<\/p>\n<p>Sipas Nagavcit, ky ndryshim \u00ebsht\u00eb iniciuar me k\u00ebrkes\u00eb t\u00eb m\u00ebsimdh\u00ebn\u00ebsve, nx\u00ebn\u00ebsve e prind\u00ebrve.<\/p>\n<p>\u201cNdryshimi i k\u00ebtij dokumenti t\u00eb r\u00ebnd\u00ebsish\u00ebm, \u00ebsht\u00eb inicuar me k\u00ebrkes\u00eb t\u00eb m\u00ebsimdh\u00ebn\u00ebsve, nx\u00ebn\u00ebsve e prind\u00ebrve, pasi q\u00eb \u00ebsht\u00eb vler\u00ebsuar se ndarja e vitit shkollor n\u00eb tri periudha, si\u00e7 ka qen\u00eb deri m\u00eb tani, paraqet sfida dhe v\u00ebshtir\u00ebsi t\u00eb shumta, ngarkes\u00eb t\u00eb panevojshme formale e administrative dhe rrezikon p\u00ebrmbajtjen e materies vler\u00ebsuese\u201d, ka shkruar Nagavci n\u00eb Facebook.<\/p>\n<p>Nagavci tha se udh\u00ebzimi i ri administrativ reflekton n\u00eb p\u00ebrmbajtje cil\u00ebsore t\u00eb vler\u00ebsimit t\u00eb nx\u00ebn\u00ebsve, shkarkimin e ngarkes\u00ebs administrative p\u00ebr m\u00ebsimdh\u00ebn\u00ebsit, informimin me koh\u00eb t\u00eb nx\u00ebn\u00ebsve dhe prind\u00ebrve p\u00ebr suksesin dhe rezultatin e nx\u00ebn\u00ebsve n\u00eb l\u00ebnd\u00ebt e caktuara.<\/p>\n<p>\u201cKy Udh\u00ebzim Administrativ p\u00ebr vler\u00ebsimin e nx\u00ebn\u00ebsve sipas Korniz\u00ebs s\u00eb Kurrikul\u00ebs \u00ebsht\u00eb n\u00eb diskutim publik deri m\u00eb 23 qershor 2022, prandaj ftoj t\u00eb gjith\u00eb t\u00eb interesuarit q\u00eb t\u00eb kontribuojn\u00eb edhe gjat\u00eb k\u00ebtyre dit\u00ebve me komente profesionale, n\u00eb m\u00ebnyr\u00eb q\u00eb k\u00ebt\u00eb dokument t\u00eb r\u00ebnd\u00ebsish\u00ebm ta kemi sa m\u00eb cil\u00ebsor\u201d, ka shtuar ajo.<\/p>\n","protected":false},"excerpt":{"rendered":"<p>Ministrja e Arsimit, Shkenc\u00ebs, Teknologjis\u00eb dhe Inovacionit, Arb\u00ebrie Nagavci, ka njoftuar se viti shkollor do t\u00eb ndahet n\u00eb dy periudha kohore (gjysm\u00ebvjetori i par\u00eb dhe gjysm\u00ebvjetori i dyt\u00eb), p\u00ebr, si\u00e7 tha ajo, vler\u00ebsim sa m\u00eb objektiv, t\u00eb drejt\u00eb, transparent, valid e m\u00eb praktik, t\u00eb nx\u00ebn\u00ebsve. Sipas Nagavcit, ky ndryshim \u00ebsht\u00eb iniciuar me k\u00ebrkes\u00eb t\u00eb m\u00ebsimdh\u00ebn\u00ebsve, [&hellip;]<\/p>\n","protected":false},"author":1,"featured_media":118799,"comment_status":"closed","ping_status":"closed","sticky":false,"template":"","format":"standard","meta":{"footnotes":""},"categories":[5],"tags":[],"class_list":{"0":"post-118798","1":"post","2":"type-post","3":"status-publish","4":"format-standard","5":"has-post-thumbnail","7":"category-lajme"},"_links":{"self":[{"href":"https:\/\/radiostargjilan.com\/web\/wp-json\/wp\/v2\/posts\/118798","targetHints":{"allow":["GET"]}}],"collection":[{"href":"https:\/\/radiostargjilan.com\/web\/wp-json\/wp\/v2\/posts"}],"about":[{"href":"https:\/\/radiostargjilan.com\/web\/wp-json\/wp\/v2\/types\/post"}],"author":[{"embeddable":true,"href":"https:\/\/radiostargjilan.com\/web\/wp-json\/wp\/v2\/users\/1"}],"replies":[{"embeddable":true,"href":"https:\/\/radiostargjilan.com\/web\/wp-json\/wp\/v2\/comments?post=118798"}],"version-history":[{"count":0,"href":"https:\/\/radiostargjilan.com\/web\/wp-json\/wp\/v2\/posts\/118798\/revisions"}],"wp:featuredmedia":[{"embeddable":true,"href":"https:\/\/radiostargjilan.com\/web\/wp-json\/wp\/v2\/media\/118799"}],"wp:attachment":[{"href":"https:\/\/radiostargjilan.com\/web\/wp-json\/wp\/v2\/media?parent=118798"}],"wp:term":[{"taxonomy":"category","embeddable":true,"href":"https:\/\/radiostargjilan.com\/web\/wp-json\/wp\/v2\/categories?post=118798"},{"taxonomy":"post_tag","embeddable":true,"href":"https:\/\/radiostargjilan.com\/web\/wp-json\/wp\/v2\/tags?post=118798"}],"curies":[{"name":"wp","href":"https:\/\/api.w.org\/{rel}","templated":true}]}}