{"id":118895,"date":"2022-06-22T21:56:22","date_gmt":"2022-06-22T19:56:22","guid":{"rendered":"https:\/\/radiostargjilan.com\/web\/?p=118895"},"modified":"2022-06-22T21:56:22","modified_gmt":"2022-06-22T19:56:22","slug":"shend-kelmendi-edhe-dy-vjet-tek-sc-gjilani","status":"publish","type":"post","link":"https:\/\/radiostargjilan.com\/web\/shend-kelmendi-edhe-dy-vjet-tek-sc-gjilani\/","title":{"rendered":"Shend Kelmendi edhe dy vjet tek SC Gjilani"},"content":{"rendered":"<p>Ky \u00ebsht\u00eb njoftimi nga klubi:<\/p>\n<p>\ud83d\udce3 \ud835\uddde\ud835\udde2\ud835\udde0\ud835\udde8\ud835\udde1\ud835\udddc\ud835\uddde\ud835\uddd4\ud835\udde7\u00cb \ud835\udded\ud835\uddec\ud835\udde5\ud835\udde7\ud835\uddd4\ud835\udde5\ud835\uddd8<\/p>\n<p>Sport Club Gjilani dhe futbollisti Shend Kelmendi kan\u00eb gjetur akordin p\u00ebr t\u00eb vijuar bashk\u00ebpunimin edhe p\u00ebr dy vite t\u00eb radh\u00ebs.<\/p>\n<p>Kelmendi, i cili luan n\u00eb pozit\u00ebn e sulmuesit t\u00eb krahut \u00ebsht\u00eb pjes\u00eb e r\u00ebnd\u00ebsishme e projektit t\u00eb klubit dhe \u00ebsht\u00eb vler\u00ebsuar nga stafi teknik p\u00ebr vazhdimin e marr\u00ebveshjes.<\/p>\n<p>N\u00eb edicionin e fundit Kelmendi ka realizuar shtat\u00eb gola dhe ka sh\u00ebrbyer n\u00eb tre t\u00eb tjer\u00eb, p\u00ebr t\u00eb qen\u00eb vendimtar n\u00eb shum\u00eb prej ndeshjeve kryesore t\u00eb kampionatit.<\/p>\n<p>T\u00eb gjith\u00eb n\u00eb SC Gjilani i urojn\u00eb sukses Shendit dhe i d\u00ebshirojn\u00eb sukses n\u00eb objektivat q\u00eb klubi ka v\u00ebn\u00eb para, duke nisur nga garat nd\u00ebrkomb\u00ebtare.<\/p>\n","protected":false},"excerpt":{"rendered":"<p>Ky \u00ebsht\u00eb njoftimi nga klubi: \ud83d\udce3 \ud835\uddde\ud835\udde2\ud835\udde0\ud835\udde8\ud835\udde1\ud835\udddc\ud835\uddde\ud835\uddd4\ud835\udde7\u00cb \ud835\udded\ud835\uddec\ud835\udde5\ud835\udde7\ud835\uddd4\ud835\udde5\ud835\uddd8 Sport Club Gjilani dhe futbollisti Shend Kelmendi kan\u00eb gjetur akordin p\u00ebr t\u00eb vijuar bashk\u00ebpunimin edhe p\u00ebr dy vite t\u00eb radh\u00ebs. Kelmendi, i cili luan n\u00eb pozit\u00ebn e sulmuesit t\u00eb krahut \u00ebsht\u00eb pjes\u00eb e r\u00ebnd\u00ebsishme e projektit t\u00eb klubit dhe \u00ebsht\u00eb vler\u00ebsuar nga stafi teknik p\u00ebr vazhdimin e [&hellip;]<\/p>\n","protected":false},"author":1,"featured_media":118896,"comment_status":"closed","ping_status":"closed","sticky":false,"template":"","format":"standard","meta":{"footnotes":""},"categories":[7],"tags":[],"class_list":{"0":"post-118895","1":"post","2":"type-post","3":"status-publish","4":"format-standard","5":"has-post-thumbnail","7":"category-sports"},"_links":{"self":[{"href":"https:\/\/radiostargjilan.com\/web\/wp-json\/wp\/v2\/posts\/118895","targetHints":{"allow":["GET"]}}],"collection":[{"href":"https:\/\/radiostargjilan.com\/web\/wp-json\/wp\/v2\/posts"}],"about":[{"href":"https:\/\/radiostargjilan.com\/web\/wp-json\/wp\/v2\/types\/post"}],"author":[{"embeddable":true,"href":"https:\/\/radiostargjilan.com\/web\/wp-json\/wp\/v2\/users\/1"}],"replies":[{"embeddable":true,"href":"https:\/\/radiostargjilan.com\/web\/wp-json\/wp\/v2\/comments?post=118895"}],"version-history":[{"count":0,"href":"https:\/\/radiostargjilan.com\/web\/wp-json\/wp\/v2\/posts\/118895\/revisions"}],"wp:featuredmedia":[{"embeddable":true,"href":"https:\/\/radiostargjilan.com\/web\/wp-json\/wp\/v2\/media\/118896"}],"wp:attachment":[{"href":"https:\/\/radiostargjilan.com\/web\/wp-json\/wp\/v2\/media?parent=118895"}],"wp:term":[{"taxonomy":"category","embeddable":true,"href":"https:\/\/radiostargjilan.com\/web\/wp-json\/wp\/v2\/categories?post=118895"},{"taxonomy":"post_tag","embeddable":true,"href":"https:\/\/radiostargjilan.com\/web\/wp-json\/wp\/v2\/tags?post=118895"}],"curies":[{"name":"wp","href":"https:\/\/api.w.org\/{rel}","templated":true}]}}