{"id":118953,"date":"2022-06-23T09:51:39","date_gmt":"2022-06-23T07:51:39","guid":{"rendered":"https:\/\/radiostargjilan.com\/web\/?p=118953"},"modified":"2022-06-23T09:51:39","modified_gmt":"2022-06-23T07:51:39","slug":"pas-reagimit-te-qytetareve-kru-hidromorava-sjelle-njoftimet-per-reduktimet-ne-qytetin-e-gjilanit","status":"publish","type":"post","link":"https:\/\/radiostargjilan.com\/web\/pas-reagimit-te-qytetareve-kru-hidromorava-sjelle-njoftimet-per-reduktimet-ne-qytetin-e-gjilanit\/","title":{"rendered":"Pas reagimit t\u00eb qytetar\u00ebve, KRU \u201cHidromorava\u201d sjell\u00eb njoftimet p\u00ebr reduktimet n\u00eb qytetin e Gjilanit"},"content":{"rendered":"<p>NJOFTIM P\u00cbR KONSUMATOR\u00cbT E RRUG\u00cbVE:<\/p>\n<p> &#8220;Abdullah Tahiri&#8221;, &#8220;Mulla Idrizi&#8221;, &#8220;Lidhja e Prizrenit&#8221; &#8220;Martir\u00ebt e Gjilanit&#8221;  si dhe t\u00eb lagjes Iliria-Kamniku.<\/p>\n<p>T\u00eb nderuar konsumator\u00eb, ju njoftojm\u00eb q\u00eb p\u00ebr shkak t\u00eb nj\u00eb defekti q\u00eb \u00ebsht\u00eb shkaktuar mbr\u00ebm n\u00eb gypin e rrjetit t\u00eb uj\u00ebsjell\u00ebsit FI 280, jemi detyruar q\u00eb ta nd\u00ebrpresim furnizimin me uj\u00eb n\u00eb rrug\u00ebt: &#8220;Abdullah Tahiri&#8221;, &#8220;Mulla Idrizi&#8221;, &#8220;Lidhja e Prizrenit&#8221; &#8220;Martir\u00ebt e Gjilanit&#8221;  si dhe n\u00eb lagjen Iliria-Kamniku.<\/p>\n<p>Ekipet e mir\u00ebmbajtjes s\u00eb rrjetit t\u00eb uj\u00ebsjell\u00ebsit jan\u00eb duke punuar dhe u munduar maksimalisht q\u00eb sa m\u00eb shpejt ta sanojn\u00eb defektin dhe ta kthejn furnizimin me uj\u00eb tek konsumator\u00ebt n\u00eb m\u00ebnyr\u00eb t\u00eb rregullt.<\/p>\n<p>Ju falemnderojm\u00eb p\u00ebr mir\u00ebkuptim!<\/p>\n<p>P\u00ebr \u00e7do informat\u00eb shtes\u00eb, ju lutem kontaktoni<br \/>\nTel:044983071, fix:0280326980,<br \/>\nKujdestaria inaktive :044719813<\/p>\n","protected":false},"excerpt":{"rendered":"<p>NJOFTIM P\u00cbR KONSUMATOR\u00cbT E RRUG\u00cbVE: &#8220;Abdullah Tahiri&#8221;, &#8220;Mulla Idrizi&#8221;, &#8220;Lidhja e Prizrenit&#8221; &#8220;Martir\u00ebt e Gjilanit&#8221; si dhe t\u00eb lagjes Iliria-Kamniku. T\u00eb nderuar konsumator\u00eb, ju njoftojm\u00eb q\u00eb p\u00ebr shkak t\u00eb nj\u00eb defekti q\u00eb \u00ebsht\u00eb shkaktuar mbr\u00ebm n\u00eb gypin e rrjetit t\u00eb uj\u00ebsjell\u00ebsit FI 280, jemi detyruar q\u00eb ta nd\u00ebrpresim furnizimin me uj\u00eb n\u00eb rrug\u00ebt: &#8220;Abdullah Tahiri&#8221;, [&hellip;]<\/p>\n","protected":false},"author":1,"featured_media":118954,"comment_status":"closed","ping_status":"closed","sticky":false,"template":"","format":"standard","meta":{"footnotes":""},"categories":[5],"tags":[],"class_list":{"0":"post-118953","1":"post","2":"type-post","3":"status-publish","4":"format-standard","5":"has-post-thumbnail","7":"category-lajme"},"_links":{"self":[{"href":"https:\/\/radiostargjilan.com\/web\/wp-json\/wp\/v2\/posts\/118953","targetHints":{"allow":["GET"]}}],"collection":[{"href":"https:\/\/radiostargjilan.com\/web\/wp-json\/wp\/v2\/posts"}],"about":[{"href":"https:\/\/radiostargjilan.com\/web\/wp-json\/wp\/v2\/types\/post"}],"author":[{"embeddable":true,"href":"https:\/\/radiostargjilan.com\/web\/wp-json\/wp\/v2\/users\/1"}],"replies":[{"embeddable":true,"href":"https:\/\/radiostargjilan.com\/web\/wp-json\/wp\/v2\/comments?post=118953"}],"version-history":[{"count":0,"href":"https:\/\/radiostargjilan.com\/web\/wp-json\/wp\/v2\/posts\/118953\/revisions"}],"wp:featuredmedia":[{"embeddable":true,"href":"https:\/\/radiostargjilan.com\/web\/wp-json\/wp\/v2\/media\/118954"}],"wp:attachment":[{"href":"https:\/\/radiostargjilan.com\/web\/wp-json\/wp\/v2\/media?parent=118953"}],"wp:term":[{"taxonomy":"category","embeddable":true,"href":"https:\/\/radiostargjilan.com\/web\/wp-json\/wp\/v2\/categories?post=118953"},{"taxonomy":"post_tag","embeddable":true,"href":"https:\/\/radiostargjilan.com\/web\/wp-json\/wp\/v2\/tags?post=118953"}],"curies":[{"name":"wp","href":"https:\/\/api.w.org\/{rel}","templated":true}]}}