{"id":118974,"date":"2022-06-23T11:15:06","date_gmt":"2022-06-23T09:15:06","guid":{"rendered":"https:\/\/radiostargjilan.com\/web\/?p=118974"},"modified":"2022-06-23T11:15:06","modified_gmt":"2022-06-23T09:15:06","slug":"presidentja-e-pe-se-sot-eshte-dite-historike-duhet-ti-liberalizohen-vizat-kosoves","status":"publish","type":"post","link":"https:\/\/radiostargjilan.com\/web\/presidentja-e-pe-se-sot-eshte-dite-historike-duhet-ti-liberalizohen-vizat-kosoves\/","title":{"rendered":"Presidentja e PE-s\u00eb: Sot \u00ebsht\u00eb dit\u00eb historike, duhet t\u2019i liberalizohen vizat Kosov\u00ebs"},"content":{"rendered":"<p>Presidentja e Parlamentit Europian, Roberta Metsola, e ka cil\u00ebsuar si historike dit\u00ebn e sotme kur po mbahet Samiti BE-Ballkani Per\u00ebndimor n\u00eb Bruksel.<\/p>\n<p>Duke folur n\u00eb em\u00ebr t\u00eb eurodeputet\u00ebve, Metsola tha se liberalizimi i vizave p\u00ebr Kosov\u00ebn dhe hapja e negociatave p\u00ebr Shqip\u00ebrin\u00eb dhe Maqedonin\u00eb e Veriut duhet t\u00eb ndodhin.<\/p>\n<p>\u201cSot \u00ebsht\u00eb nj\u00eb dit\u00eb historike p\u00ebr dy arsye: sepse k\u00ebt\u00eb m\u00ebngjes do t\u00eb kemi nj\u00eb samit me Ballkanin Per\u00ebndimor dhe dua t\u2019i them disa fjal\u00eb n\u00eb em\u00ebr t\u00eb Parlamentit Europian. Zgjerimi gjithmon\u00eb \u00ebsht\u00eb par\u00eb si nj\u00eb proces transformativ p\u00ebr vendet q\u00eb duan t\u00eb shohin Europ\u00ebn si sht\u00ebpin\u00eb e tyre dhe sot \u00ebsht\u00eb dita kur ne p\u00ebrnj\u00ebmend duhet t\u00eb nisim negociatat p\u00ebr an\u00ebtar\u00ebsim p\u00ebr Shqip\u00ebrin\u00eb dhe Maqedonin\u00eb e Veriut, ne duhet p\u00ebrnj\u00ebmend t\u00eb flasim p\u00ebr liberalizimin e vizave p\u00ebr Kosov\u00ebn. K\u00ebto jan\u00eb pikat q\u00eb do t\u00eb fliten brenda samitit, sepse kjo \u00ebsht\u00eb dita kur ne duhet t\u00eb shikojm\u00eb drejt Ballkanit Per\u00ebndimor si vende q\u00eb jan\u00eb fqinj ton\u00eb dhe vende q\u00eb duhet ta gjejn\u00eb veten n\u00eb Bashkimin Europian, i cili \u00ebsht\u00eb sht\u00ebpia e tyre\u201d, ka th\u00ebn\u00eb ajo para gazetar\u00ebve.<\/p>\n","protected":false},"excerpt":{"rendered":"<p>Presidentja e Parlamentit Europian, Roberta Metsola, e ka cil\u00ebsuar si historike dit\u00ebn e sotme kur po mbahet Samiti BE-Ballkani Per\u00ebndimor n\u00eb Bruksel. Duke folur n\u00eb em\u00ebr t\u00eb eurodeputet\u00ebve, Metsola tha se liberalizimi i vizave p\u00ebr Kosov\u00ebn dhe hapja e negociatave p\u00ebr Shqip\u00ebrin\u00eb dhe Maqedonin\u00eb e Veriut duhet t\u00eb ndodhin. \u201cSot \u00ebsht\u00eb nj\u00eb dit\u00eb historike p\u00ebr [&hellip;]<\/p>\n","protected":false},"author":1,"featured_media":118975,"comment_status":"closed","ping_status":"closed","sticky":false,"template":"","format":"standard","meta":{"footnotes":""},"categories":[5],"tags":[],"class_list":{"0":"post-118974","1":"post","2":"type-post","3":"status-publish","4":"format-standard","5":"has-post-thumbnail","7":"category-lajme"},"_links":{"self":[{"href":"https:\/\/radiostargjilan.com\/web\/wp-json\/wp\/v2\/posts\/118974","targetHints":{"allow":["GET"]}}],"collection":[{"href":"https:\/\/radiostargjilan.com\/web\/wp-json\/wp\/v2\/posts"}],"about":[{"href":"https:\/\/radiostargjilan.com\/web\/wp-json\/wp\/v2\/types\/post"}],"author":[{"embeddable":true,"href":"https:\/\/radiostargjilan.com\/web\/wp-json\/wp\/v2\/users\/1"}],"replies":[{"embeddable":true,"href":"https:\/\/radiostargjilan.com\/web\/wp-json\/wp\/v2\/comments?post=118974"}],"version-history":[{"count":0,"href":"https:\/\/radiostargjilan.com\/web\/wp-json\/wp\/v2\/posts\/118974\/revisions"}],"wp:featuredmedia":[{"embeddable":true,"href":"https:\/\/radiostargjilan.com\/web\/wp-json\/wp\/v2\/media\/118975"}],"wp:attachment":[{"href":"https:\/\/radiostargjilan.com\/web\/wp-json\/wp\/v2\/media?parent=118974"}],"wp:term":[{"taxonomy":"category","embeddable":true,"href":"https:\/\/radiostargjilan.com\/web\/wp-json\/wp\/v2\/categories?post=118974"},{"taxonomy":"post_tag","embeddable":true,"href":"https:\/\/radiostargjilan.com\/web\/wp-json\/wp\/v2\/tags?post=118974"}],"curies":[{"name":"wp","href":"https:\/\/api.w.org\/{rel}","templated":true}]}}