{"id":118977,"date":"2022-06-23T11:24:57","date_gmt":"2022-06-23T09:24:57","guid":{"rendered":"https:\/\/radiostargjilan.com\/web\/?p=118977"},"modified":"2022-06-23T11:24:57","modified_gmt":"2022-06-23T09:24:57","slug":"ekskluzive-perparim-islami-largohet-nga-drita-por-nuk-e-ndryshon-qytetin-i-bashkohet-sc-gjilanit","status":"publish","type":"post","link":"https:\/\/radiostargjilan.com\/web\/ekskluzive-perparim-islami-largohet-nga-drita-por-nuk-e-ndryshon-qytetin-i-bashkohet-sc-gjilanit\/","title":{"rendered":"Ekskluzive: P\u00ebrparim Islami largohet nga Drita, por nuk e ndryshon qytetin i bashkohet SC Gjilanit"},"content":{"rendered":"<p>P\u00ebrparim Islami ka ndar\u00eb rrug\u00ebt me skuadr\u00ebn e Drit\u00ebs.<\/p>\n<p>K\u00ebt\u00eb e ka b\u00ebr\u00eb t\u00eb ditur vet futbollisti n\u00ebp\u00ebrmjet nj\u00eb njoftimi n\u00eb rrjetet sociale.<\/p>\n<p>Kanal10 m\u00ebson se Islami \u00ebsht\u00eb af\u00ebr kalimit te Gjilani dhe ai pritet ti bashkohet skuadr\u00ebs s\u00eb Zekirija Ramadanit n\u00eb Oh\u00ebr, aty ku ata jan\u00eb duke zhvilluar faz\u00ebn p\u00ebrgatitore.<\/p>\n","protected":false},"excerpt":{"rendered":"<p>P\u00ebrparim Islami ka ndar\u00eb rrug\u00ebt me skuadr\u00ebn e Drit\u00ebs. K\u00ebt\u00eb e ka b\u00ebr\u00eb t\u00eb ditur vet futbollisti n\u00ebp\u00ebrmjet nj\u00eb njoftimi n\u00eb rrjetet sociale. Kanal10 m\u00ebson se Islami \u00ebsht\u00eb af\u00ebr kalimit te Gjilani dhe ai pritet ti bashkohet skuadr\u00ebs s\u00eb Zekirija Ramadanit n\u00eb Oh\u00ebr, aty ku ata jan\u00eb duke zhvilluar faz\u00ebn p\u00ebrgatitore.<\/p>\n","protected":false},"author":1,"featured_media":118978,"comment_status":"closed","ping_status":"closed","sticky":false,"template":"","format":"standard","meta":{"footnotes":""},"categories":[7],"tags":[],"class_list":{"0":"post-118977","1":"post","2":"type-post","3":"status-publish","4":"format-standard","5":"has-post-thumbnail","7":"category-sports"},"_links":{"self":[{"href":"https:\/\/radiostargjilan.com\/web\/wp-json\/wp\/v2\/posts\/118977","targetHints":{"allow":["GET"]}}],"collection":[{"href":"https:\/\/radiostargjilan.com\/web\/wp-json\/wp\/v2\/posts"}],"about":[{"href":"https:\/\/radiostargjilan.com\/web\/wp-json\/wp\/v2\/types\/post"}],"author":[{"embeddable":true,"href":"https:\/\/radiostargjilan.com\/web\/wp-json\/wp\/v2\/users\/1"}],"replies":[{"embeddable":true,"href":"https:\/\/radiostargjilan.com\/web\/wp-json\/wp\/v2\/comments?post=118977"}],"version-history":[{"count":0,"href":"https:\/\/radiostargjilan.com\/web\/wp-json\/wp\/v2\/posts\/118977\/revisions"}],"wp:featuredmedia":[{"embeddable":true,"href":"https:\/\/radiostargjilan.com\/web\/wp-json\/wp\/v2\/media\/118978"}],"wp:attachment":[{"href":"https:\/\/radiostargjilan.com\/web\/wp-json\/wp\/v2\/media?parent=118977"}],"wp:term":[{"taxonomy":"category","embeddable":true,"href":"https:\/\/radiostargjilan.com\/web\/wp-json\/wp\/v2\/categories?post=118977"},{"taxonomy":"post_tag","embeddable":true,"href":"https:\/\/radiostargjilan.com\/web\/wp-json\/wp\/v2\/tags?post=118977"}],"curies":[{"name":"wp","href":"https:\/\/api.w.org\/{rel}","templated":true}]}}