{"id":119012,"date":"2022-06-23T13:05:00","date_gmt":"2022-06-23T11:05:00","guid":{"rendered":"https:\/\/radiostargjilan.com\/web\/?p=119012"},"modified":"2022-06-23T13:05:00","modified_gmt":"2022-06-23T11:05:00","slug":"u-diskutua-per-sigurine-ne-zonen-e-pergjegjesise-se-komunes-se-gjilanit","status":"publish","type":"post","link":"https:\/\/radiostargjilan.com\/web\/u-diskutua-per-sigurine-ne-zonen-e-pergjegjesise-se-komunes-se-gjilanit\/","title":{"rendered":"U diskutua p\u00ebr sigurin\u00eb n\u00eb zon\u00ebn e p\u00ebrgjegj\u00ebsis\u00eb s\u00eb komun\u00ebs s\u00eb Gjilanit"},"content":{"rendered":"<p>Drejtori i Drejtoris\u00eb Rajonale t\u00eb Policis\u00eb s\u00eb Kosov\u00ebs n\u00eb Gjilan, Kolonel Agron Rukiqi me stafin e tij sot ka mbajtur nj\u00eb takim pune me Kryetarin e Komun\u00ebs s\u00eb Gjilanit z. Alban Hyseni me staf.<\/p>\n<p>N\u00eb k\u00ebt\u00eb takim u diskutua p\u00ebr gjendjen e p\u00ebrgjithshme t\u00eb siguris\u00eb n\u00eb zon\u00ebn e p\u00ebrgjegj\u00ebsis\u00eb s\u00eb komun\u00ebs s\u00eb Gjilanit dhe u vler\u00ebsua se gjendja \u00ebsht\u00eb e qet\u00eb. Nga ana e Drejtoris\u00eb Rajonale t\u00eb Policis\u00eb n\u00eb Gjilan \u00ebsht\u00eb k\u00ebrkuar p\u00ebrkrahja n\u00eb funksionalizimi e kamerave t\u00eb siguris\u00eb n\u00eb disa lokacione, ndri\u00e7imi i disa hap\u00ebsirave publike ku ka frekuentim m\u00eb t\u00eb madh si n\u00eb parqe t\u00eb qytetit, p\u00ebrkrahje me inspektor p\u00ebr parandalimin e zhurm\u00ebs q\u00eb krijohet kryesisht gjat\u00eb muajve t\u00eb ver\u00ebs n\u00ebp\u00ebr lokalet hoteliere n\u00eb qytet dhe rrethin\u00eb si dhe \u00e7\u00ebshtje tjera me interes reciprok.<\/p>\n<p>\u00cbsht\u00eb diskutuar me theks t\u00eb ve\u00e7ant\u00eb gjendja n\u00eb komunikacionin rrugor\u00eb dhe masat q\u00eb po nd\u00ebrmerren nga Policia e Kosov\u00ebs duke caktuar personel policor shtes\u00eb q\u00eb merren ekskluzivisht me komunikacionin rrugor n\u00eb qytet dhe n\u00eb kuad\u00ebr t\u00eb rajonit t\u00eb Gjilanit.<\/p>\n<p>Nga ana e Drejtoris\u00eb Rajonale t\u00eb Policis\u00eb s\u00eb Gjilanit jan\u00eb parashtruar k\u00ebrkesa p\u00ebr Komun\u00ebn e Gjilanit q\u00eb kan\u00eb t\u00eb b\u00ebjn\u00eb me sigurin\u00eb n\u00eb komunikacionin rrugor\u00eb si: sinkronizimi i semafor\u00ebve, semafor t\u00eb rinj, vendosje t\u00eb  shenj\u00ebzimit t\u00eb vendkalimeve p\u00ebr k\u00ebmb\u00ebsor\u00eb, vendosja e pengesave n\u00eb vendkalimet e k\u00ebmb\u00ebsor\u00ebve, vendosja e shenjave vertikale dhe horizontale, vendosjen e shenjave me p\u00ebrpar\u00ebsi kalimi, vendosjen e shenjave t\u00eb rrezikut, etj.<\/p>\n<p>N\u00eb k\u00ebt\u00eb takim u vler\u00ebsua nevoja e bashk\u00ebrendimit t\u00eb aktiviteteve dhe secili institucion bazuar n\u00eb p\u00ebrgjegj\u00ebsit\u00eb q\u00eb ka p\u00ebr krijimin e kushteve dhe rrethanave m\u00eb t\u00eb mira p\u00ebr sigurin\u00eb e p\u00ebrgjithshme me theks t\u00eb ve\u00e7ant\u00eb parandalimin e aksidenteve e sidomos t\u00eb atyre me fatalitet. P\u00ebr k\u00ebt\u00eb jan\u00eb caktuar zyrtar\u00ebt p\u00ebrkat\u00ebs si pik\u00eb kontakti mes dy institucioneve q\u00eb do t\u00eb ken\u00eb takime n\u00eb t\u00eb ardhmen p\u00ebr realizimin e k\u00ebrkesave t\u00eb parashtruara dhe q\u00eb jan\u00eb me prioritet.<\/p>\n<p>Drejtoria Rajonale e Policis\u00eb s\u00eb Kosov\u00ebs n\u00eb Gjilan do t\u00eb vazhdoj\u00eb me kryerjen e detyrave, autorizimeve ligjore q\u00eb p\u00ebrmes planifikimeve konkrete operacionale do t\u00eb k\u00ebt\u00eb aktivitete t\u00eb shtuara n\u00eb komunikacionin rrugor\u00eb. Andaj me k\u00ebt\u00eb rast ju b\u00ebjm\u00eb thirrje t\u00eb gjith\u00eb qytetar\u00ebve q\u00eb t\u00eb jen\u00eb shume t\u00eb kujdessh\u00ebm kur drejtojn\u00eb mjetin e transportit n\u00eb m\u00ebnyr\u00eb q\u00eb t\u00eb kemi nj\u00eb siguri edhe m\u00eb t\u00eb madhe n\u00ebp\u00ebr rrug\u00ebt tona.<\/p>\n","protected":false},"excerpt":{"rendered":"<p>Drejtori i Drejtoris\u00eb Rajonale t\u00eb Policis\u00eb s\u00eb Kosov\u00ebs n\u00eb Gjilan, Kolonel Agron Rukiqi me stafin e tij sot ka mbajtur nj\u00eb takim pune me Kryetarin e Komun\u00ebs s\u00eb Gjilanit z. Alban Hyseni me staf. N\u00eb k\u00ebt\u00eb takim u diskutua p\u00ebr gjendjen e p\u00ebrgjithshme t\u00eb siguris\u00eb n\u00eb zon\u00ebn e p\u00ebrgjegj\u00ebsis\u00eb s\u00eb komun\u00ebs s\u00eb Gjilanit dhe u [&hellip;]<\/p>\n","protected":false},"author":1,"featured_media":119013,"comment_status":"closed","ping_status":"closed","sticky":false,"template":"","format":"standard","meta":{"footnotes":""},"categories":[5],"tags":[],"class_list":{"0":"post-119012","1":"post","2":"type-post","3":"status-publish","4":"format-standard","5":"has-post-thumbnail","7":"category-lajme"},"_links":{"self":[{"href":"https:\/\/radiostargjilan.com\/web\/wp-json\/wp\/v2\/posts\/119012","targetHints":{"allow":["GET"]}}],"collection":[{"href":"https:\/\/radiostargjilan.com\/web\/wp-json\/wp\/v2\/posts"}],"about":[{"href":"https:\/\/radiostargjilan.com\/web\/wp-json\/wp\/v2\/types\/post"}],"author":[{"embeddable":true,"href":"https:\/\/radiostargjilan.com\/web\/wp-json\/wp\/v2\/users\/1"}],"replies":[{"embeddable":true,"href":"https:\/\/radiostargjilan.com\/web\/wp-json\/wp\/v2\/comments?post=119012"}],"version-history":[{"count":0,"href":"https:\/\/radiostargjilan.com\/web\/wp-json\/wp\/v2\/posts\/119012\/revisions"}],"wp:featuredmedia":[{"embeddable":true,"href":"https:\/\/radiostargjilan.com\/web\/wp-json\/wp\/v2\/media\/119013"}],"wp:attachment":[{"href":"https:\/\/radiostargjilan.com\/web\/wp-json\/wp\/v2\/media?parent=119012"}],"wp:term":[{"taxonomy":"category","embeddable":true,"href":"https:\/\/radiostargjilan.com\/web\/wp-json\/wp\/v2\/categories?post=119012"},{"taxonomy":"post_tag","embeddable":true,"href":"https:\/\/radiostargjilan.com\/web\/wp-json\/wp\/v2\/tags?post=119012"}],"curies":[{"name":"wp","href":"https:\/\/api.w.org\/{rel}","templated":true}]}}