{"id":119033,"date":"2022-06-23T15:51:29","date_gmt":"2022-06-23T13:51:29","guid":{"rendered":"https:\/\/radiostargjilan.com\/web\/?p=119033"},"modified":"2022-06-23T15:51:29","modified_gmt":"2022-06-23T13:51:29","slug":"deputeti-i-vv-se-qe-po-e-kritikon-partine-e-tij-tregon-se-a-do-ta-votoje-projektligjin-per-trustin","status":"publish","type":"post","link":"https:\/\/radiostargjilan.com\/web\/deputeti-i-vv-se-qe-po-e-kritikon-partine-e-tij-tregon-se-a-do-ta-votoje-projektligjin-per-trustin\/","title":{"rendered":"Deputeti i VV-s\u00eb q\u00eb po e kritikon partin\u00eb e tij, tregon se a do ta votoj\u00eb Projektligjin p\u00ebr Trustin"},"content":{"rendered":"<p>\u201cNuk do t\u00eb votoj pro t\u00ebrheqjes e as kund\u00ebr t\u00ebrheqjes s\u00eb Trustit\u201d.<\/p>\n<p>Ky \u00ebsht\u00eb q\u00ebndrimi i deputetit t\u00eb L\u00ebvizjes Vet\u00ebvendosje, Fatmir Humolli p\u00ebr sa i p\u00ebrket t\u00ebrheqjes s\u00eb Trustit, pa treguar n\u00ebse do t\u00eb abstenoj\u00eb apo s\u2019do t\u00eb votoj\u00eb fare.<\/p>\n<p>K\u00ebt\u00eb q\u00ebndrim e dha gjat\u00eb seanc\u00ebs s\u00eb Kuvendit ku po diskutohet t\u00ebrheqja potenciale e nj\u00eb pjese t\u00eb mjeteve t\u00eb Trustit.<\/p>\n<p>Humolli koh\u00ebve t\u00eb fundit ka kritikuar Qeverin\u00eb e drejtuar nga shefi i tij n\u00eb parti, Albin Kurti.<\/p>\n<p>Kjo p\u00ebr shkak t\u00eb mosp\u00ebrfshirjes s\u00eb veteran\u00ebve n\u00eb Projektligjin p\u00ebr pag\u00ebn minimale.<\/p>\n<p>\u201cHekuran Murati dyshoj q\u00eb ka ndjenja komb\u00ebtare\u201d, e ka gjykuar Humolli ministrin e Qeveris\u00eb Kurti.<\/p>\n<p>E sot po mbahet seanca p\u00ebr Kurtin, ku partia n\u00eb pushtet; L\u00ebvizja Vet\u00ebvendosje \u00ebsht\u00eb pozicionuar kategorikisht kund\u00ebr t\u00ebrheqjes s\u00eb mjeteve t\u00eb trustit me pretendimin q\u00eb \u201crr\u00ebnon sistemin pensional t\u00eb Kosov\u00ebs\u201d.<\/p>\n","protected":false},"excerpt":{"rendered":"<p>\u201cNuk do t\u00eb votoj pro t\u00ebrheqjes e as kund\u00ebr t\u00ebrheqjes s\u00eb Trustit\u201d. Ky \u00ebsht\u00eb q\u00ebndrimi i deputetit t\u00eb L\u00ebvizjes Vet\u00ebvendosje, Fatmir Humolli p\u00ebr sa i p\u00ebrket t\u00ebrheqjes s\u00eb Trustit, pa treguar n\u00ebse do t\u00eb abstenoj\u00eb apo s\u2019do t\u00eb votoj\u00eb fare. K\u00ebt\u00eb q\u00ebndrim e dha gjat\u00eb seanc\u00ebs s\u00eb Kuvendit ku po diskutohet t\u00ebrheqja potenciale e nj\u00eb [&hellip;]<\/p>\n","protected":false},"author":1,"featured_media":119034,"comment_status":"closed","ping_status":"closed","sticky":false,"template":"","format":"standard","meta":{"footnotes":""},"categories":[5],"tags":[],"class_list":{"0":"post-119033","1":"post","2":"type-post","3":"status-publish","4":"format-standard","5":"has-post-thumbnail","7":"category-lajme"},"_links":{"self":[{"href":"https:\/\/radiostargjilan.com\/web\/wp-json\/wp\/v2\/posts\/119033","targetHints":{"allow":["GET"]}}],"collection":[{"href":"https:\/\/radiostargjilan.com\/web\/wp-json\/wp\/v2\/posts"}],"about":[{"href":"https:\/\/radiostargjilan.com\/web\/wp-json\/wp\/v2\/types\/post"}],"author":[{"embeddable":true,"href":"https:\/\/radiostargjilan.com\/web\/wp-json\/wp\/v2\/users\/1"}],"replies":[{"embeddable":true,"href":"https:\/\/radiostargjilan.com\/web\/wp-json\/wp\/v2\/comments?post=119033"}],"version-history":[{"count":0,"href":"https:\/\/radiostargjilan.com\/web\/wp-json\/wp\/v2\/posts\/119033\/revisions"}],"wp:featuredmedia":[{"embeddable":true,"href":"https:\/\/radiostargjilan.com\/web\/wp-json\/wp\/v2\/media\/119034"}],"wp:attachment":[{"href":"https:\/\/radiostargjilan.com\/web\/wp-json\/wp\/v2\/media?parent=119033"}],"wp:term":[{"taxonomy":"category","embeddable":true,"href":"https:\/\/radiostargjilan.com\/web\/wp-json\/wp\/v2\/categories?post=119033"},{"taxonomy":"post_tag","embeddable":true,"href":"https:\/\/radiostargjilan.com\/web\/wp-json\/wp\/v2\/tags?post=119033"}],"curies":[{"name":"wp","href":"https:\/\/api.w.org\/{rel}","templated":true}]}}