{"id":119040,"date":"2022-06-23T17:13:24","date_gmt":"2022-06-23T15:13:24","guid":{"rendered":"https:\/\/radiostargjilan.com\/web\/?p=119040"},"modified":"2022-06-23T17:14:33","modified_gmt":"2022-06-23T15:14:33","slug":"isa-mustafa-vjosa-osmani-ta-mbylle-gojen-gati-me-shkuan-lotet-prej-deklarates-se-saj","status":"publish","type":"post","link":"https:\/\/radiostargjilan.com\/web\/isa-mustafa-vjosa-osmani-ta-mbylle-gojen-gati-me-shkuan-lotet-prej-deklarates-se-saj\/","title":{"rendered":"Isa Mustafa: Vjosa Osmani ta mbyll\u00eb goj\u00ebn, gati m\u00eb shkuan lot\u00ebt prej deklarat\u00ebs s\u00eb saj"},"content":{"rendered":"<p>Ish-kryeministri i Kosov\u00ebs, Isa Mustafa, ka th\u00ebn\u00eb se presidentja Vjosa Osmani dhe Qeveria do t\u00eb duhej ta mbyllnin goj\u00ebn p\u00ebr liberalizim e vizave.<\/p>\n<p>Ai n\u00eb nj\u00eb postim n\u00eb Facebook ka shkruar se presidentja Osmani nuk u takua sot me Macronin si\u00e7 u raportua.<\/p>\n<p>Ai ka ironizuar me deklarat\u00ebn e Osmanit duke th\u00ebn\u00eb se gati \u201ci shkuan lot\u00ebt\u201d kur ka d\u00ebgjuar presidenten se vet\u00ebm asaj i \u00ebsht\u00eb dashur viza p\u00ebr takim n\u00eb Bruksel.<\/p>\n<p>\u201cMe pas ve\u00e7 pak fytyr\u00eb, Vjosa Osmani e disa t\u00eb tjer\u00eb n\u00eb Qeveri e n\u00eb Kuvend do ta mbyllnin goj\u00ebn p\u00ebr liberalizimin. Presidentja Osmani, nuk u takua sot me bllokuesin e liberalizimit (Makron), ashtu si\u00e7 u raportua. Por, dy bllokuesit e liberalizimit, Osmani dhe Makron u takuan n\u00eb Bruksel. Gati m\u00eb shkuan lot\u00ebt kur e lexova deklarat\u00ebn e Vjos\u00ebs se vet\u00ebm asaj i \u00ebsht\u00eb dashur viza p\u00ebr k\u00ebt\u00eb takim n\u00eb Brukse\u201d, shkroi ai n\u00eb Facebook.<\/p>\n<p>Mustafa ka th\u00ebn\u00eb se Osmani mendon se populli ka trurin e peshkut.<\/p>\n<p>\u201c\u00c7far\u00eb ironie. Kjo mendon se populli e ka mbajtje mendjen e peshkut!\u201d, shkruan ai.<\/p>\n<p>Ish-kreu i LDK-s\u00eb krejt n\u00eb fund ka th\u00ebn\u00eb se jan\u00eb pik\u00ebrisht Osmani, Kurti e Bulliqi ata q\u00eb m\u00eb 2015 dhe 2016 shpiknin t\u00eb pav\u00ebrteta p\u00ebr t\u00eb penguar ratifikimin q\u00eb ishte si kusht p\u00ebr liberalizim.<\/p>\n<p>Mustafa thot\u00eb se jan\u00eb pik\u00ebrisht ekzekutivi i tanish\u00ebm dhe presidentja ata q\u00eb lan\u00eb vendin pa viza dhe kor\u00ebn 50 p\u00ebr qind t\u00eb votave.<\/p>\n<p>\u201c\u00cbsht\u00eb Vjosa Osmani, Albin Kurti, Shp\u00ebtim Bulliqi e piromanet e tyre q\u00eb n\u00eb vitin 2015 e 2016, kur ne ishim n\u00eb nj\u00eb pako me Ukrain\u00ebn dhe Gjeorgjin\u00eb p\u00ebr liberalizimin e vizave shpiknin t\u00eb pav\u00ebrteta p\u00ebr ta penguar ratifikimin si kusht t\u00eb liberalizimit. Sa njeriut t\u00eb s\u00ebmur\u00eb, t\u00eb papun\u00eb e nevojtar p\u00ebr t\u00eb shkuar n\u00eb per\u00ebndim i \u00ebsht\u00eb refuzuar viza, e kjo i ka brengos\u00eb k\u00ebta q\u00eb sot jan\u00eb n\u00eb pushtet. Edhe disa n\u00eb opozit\u00eb! Por, k\u00ebtyre n\u00eb vend t\u00eb liberalizimit duhet tu epen medalje p\u00ebr mashtrim t\u00eb popullit. E lan\u00eb pa viza, e ua mor\u00ebn mbi 5o p\u00ebrqind t\u00eb votave. Aferim!\u201d, shtoi ai.<\/p>\n","protected":false},"excerpt":{"rendered":"<p>Ish-kryeministri i Kosov\u00ebs, Isa Mustafa, ka th\u00ebn\u00eb se presidentja Vjosa Osmani dhe Qeveria do t\u00eb duhej ta mbyllnin goj\u00ebn p\u00ebr liberalizim e vizave. Ai n\u00eb nj\u00eb postim n\u00eb Facebook ka shkruar se presidentja Osmani nuk u takua sot me Macronin si\u00e7 u raportua. Ai ka ironizuar me deklarat\u00ebn e Osmanit duke th\u00ebn\u00eb se gati \u201ci [&hellip;]<\/p>\n","protected":false},"author":1,"featured_media":119043,"comment_status":"closed","ping_status":"closed","sticky":false,"template":"","format":"standard","meta":{"footnotes":""},"categories":[5],"tags":[],"class_list":{"0":"post-119040","1":"post","2":"type-post","3":"status-publish","4":"format-standard","5":"has-post-thumbnail","7":"category-lajme"},"_links":{"self":[{"href":"https:\/\/radiostargjilan.com\/web\/wp-json\/wp\/v2\/posts\/119040","targetHints":{"allow":["GET"]}}],"collection":[{"href":"https:\/\/radiostargjilan.com\/web\/wp-json\/wp\/v2\/posts"}],"about":[{"href":"https:\/\/radiostargjilan.com\/web\/wp-json\/wp\/v2\/types\/post"}],"author":[{"embeddable":true,"href":"https:\/\/radiostargjilan.com\/web\/wp-json\/wp\/v2\/users\/1"}],"replies":[{"embeddable":true,"href":"https:\/\/radiostargjilan.com\/web\/wp-json\/wp\/v2\/comments?post=119040"}],"version-history":[{"count":0,"href":"https:\/\/radiostargjilan.com\/web\/wp-json\/wp\/v2\/posts\/119040\/revisions"}],"wp:featuredmedia":[{"embeddable":true,"href":"https:\/\/radiostargjilan.com\/web\/wp-json\/wp\/v2\/media\/119043"}],"wp:attachment":[{"href":"https:\/\/radiostargjilan.com\/web\/wp-json\/wp\/v2\/media?parent=119040"}],"wp:term":[{"taxonomy":"category","embeddable":true,"href":"https:\/\/radiostargjilan.com\/web\/wp-json\/wp\/v2\/categories?post=119040"},{"taxonomy":"post_tag","embeddable":true,"href":"https:\/\/radiostargjilan.com\/web\/wp-json\/wp\/v2\/tags?post=119040"}],"curies":[{"name":"wp","href":"https:\/\/api.w.org\/{rel}","templated":true}]}}