{"id":119843,"date":"2022-07-02T00:06:43","date_gmt":"2022-07-01T22:06:43","guid":{"rendered":"https:\/\/radiostargjilan.com\/web\/?p=119843"},"modified":"2022-07-02T00:06:43","modified_gmt":"2022-07-01T22:06:43","slug":"gervalla-nese-them-se-vizat-liberalizohen-ne-shtator-ju-genjej","status":"publish","type":"post","link":"https:\/\/radiostargjilan.com\/web\/gervalla-nese-them-se-vizat-liberalizohen-ne-shtator-ju-genjej\/","title":{"rendered":"G\u00ebrvalla : N\u00ebse them se vizat liberalizohen n\u00eb shtator, ju g\u00ebnjej"},"content":{"rendered":"<p>Z\u00ebvend\u00ebskryeministrja dhe ministrja e Jashtme e Kosov\u00ebs, Donika G\u00ebrvalla, ka th\u00ebn\u00eb se askush nuk e di dat\u00ebn e sakt\u00eb se kur do t\u00eb liberalizohen vizat p\u00ebr qytetar\u00ebt e Kosov\u00ebs. Ajo ka th\u00ebn\u00eb se institucionet e Kosov\u00ebs po angazhohet n\u00eb k\u00ebt\u00eb drejtim dhe sipas saj, ka progres.<\/p>\n<p>Mir\u00ebpo, p\u00ebr G\u00ebrvall\u00ebn, as ajo vet\u00eb, as institucionet e Kosov\u00ebs e as ndonj\u00eb p\u00ebrfaq\u00ebsues i BE-s\u00eb, nuk e di dat\u00ebn e liberalizimit t\u00eb vizave.<\/p>\n<p>\u201cSot, askush, as institucionet tona, as un\u00eb si ministre e Jashtme por as nj\u00eb p\u00ebrfaq\u00ebsues i BE-s\u00eb, nuk mund ta thon\u00eb dat\u00ebn e sakt\u00eb se kur mund t\u00eb ket\u00eb l\u00ebvizje t\u00eb lir\u00eb. Sot, askush nuk e di, kur do t\u00eb jet\u00eb hapi final dhe kur do t\u00eb largohen vizat p\u00ebr qytetar\u00ebt e Kosov\u00ebs\u201d, ka th\u00ebn\u00eb ajo n\u00eb emisionin \u201cdPt te Fidani\u201d n\u00eb T7.<\/p>\n<p>Ajo ka th\u00ebn\u00eb se s\u2019mund t\u00eb konfirmoj\u00eb q\u00eb liberalizmi mund t\u00eb b\u00ebhet realitet n\u00eb shtator, si\u00e7 po jepen paralajm\u00ebrime s\u00eb fundmi.<\/p>\n<p>\u201cNuk mund t\u00eb them se do t\u00eb ndodh n\u00eb shtator, do t\u2019ju g\u00ebnjeja\u201d, ka theksuar ajo.<\/p>\n<p>G\u00ebrvalla ka folur edhe p\u00ebr  deklaratat e Vu\u00e7iq, i cili paralajm\u00ebronte liberalizim vizash p\u00ebr Kosov\u00ebn m\u00eb 23 qershor.<\/p>\n<p>\u201c\u00c7do gj\u00eb q\u00eb thot\u00eb Vu\u00e7iqi n\u00eb raport me Kosov\u00ebn, nga opinioni, duhet marr me shum\u00eb rezerva dhe prandaj ka ndodhur ajo q\u00eb \u00ebsht\u00eb pritur. Detyr\u00eb e institucioneve t\u00eb Kosov\u00ebs \u00ebsht\u00eb t\u00eb punojn\u00eb p\u00ebr dit\u00eb, q\u00eb liberalizimi i vizave, me aq sa \u00ebsht\u00eb brenda mund\u00ebsive tona, t\u00eb realizohet sa m\u00eb shpejt. Detyr\u00eb e institucioneve nuk \u00ebsht\u00eb t\u00eb merren me thashetheme, por t\u00eb merren me pun\u00ebt. Kemi biseduar me shum\u00eb shtete, kemi punuar n\u00eb hapa t\u00eb vegj\u00ebl dhe t\u00eb m\u00ebdhenj me shtete q\u00eb kan\u00eb shtete skeptike\u201d, ka deklaruar ajo.<\/p>\n","protected":false},"excerpt":{"rendered":"<p>Z\u00ebvend\u00ebskryeministrja dhe ministrja e Jashtme e Kosov\u00ebs, Donika G\u00ebrvalla, ka th\u00ebn\u00eb se askush nuk e di dat\u00ebn e sakt\u00eb se kur do t\u00eb liberalizohen vizat p\u00ebr qytetar\u00ebt e Kosov\u00ebs. Ajo ka th\u00ebn\u00eb se institucionet e Kosov\u00ebs po angazhohet n\u00eb k\u00ebt\u00eb drejtim dhe sipas saj, ka progres. Mir\u00ebpo, p\u00ebr G\u00ebrvall\u00ebn, as ajo vet\u00eb, as institucionet e [&hellip;]<\/p>\n","protected":false},"author":1,"featured_media":119844,"comment_status":"closed","ping_status":"closed","sticky":false,"template":"","format":"standard","meta":{"footnotes":""},"categories":[5],"tags":[],"class_list":{"0":"post-119843","1":"post","2":"type-post","3":"status-publish","4":"format-standard","5":"has-post-thumbnail","7":"category-lajme"},"_links":{"self":[{"href":"https:\/\/radiostargjilan.com\/web\/wp-json\/wp\/v2\/posts\/119843","targetHints":{"allow":["GET"]}}],"collection":[{"href":"https:\/\/radiostargjilan.com\/web\/wp-json\/wp\/v2\/posts"}],"about":[{"href":"https:\/\/radiostargjilan.com\/web\/wp-json\/wp\/v2\/types\/post"}],"author":[{"embeddable":true,"href":"https:\/\/radiostargjilan.com\/web\/wp-json\/wp\/v2\/users\/1"}],"replies":[{"embeddable":true,"href":"https:\/\/radiostargjilan.com\/web\/wp-json\/wp\/v2\/comments?post=119843"}],"version-history":[{"count":0,"href":"https:\/\/radiostargjilan.com\/web\/wp-json\/wp\/v2\/posts\/119843\/revisions"}],"wp:featuredmedia":[{"embeddable":true,"href":"https:\/\/radiostargjilan.com\/web\/wp-json\/wp\/v2\/media\/119844"}],"wp:attachment":[{"href":"https:\/\/radiostargjilan.com\/web\/wp-json\/wp\/v2\/media?parent=119843"}],"wp:term":[{"taxonomy":"category","embeddable":true,"href":"https:\/\/radiostargjilan.com\/web\/wp-json\/wp\/v2\/categories?post=119843"},{"taxonomy":"post_tag","embeddable":true,"href":"https:\/\/radiostargjilan.com\/web\/wp-json\/wp\/v2\/tags?post=119843"}],"curies":[{"name":"wp","href":"https:\/\/api.w.org\/{rel}","templated":true}]}}