{"id":119887,"date":"2022-07-02T11:48:33","date_gmt":"2022-07-02T09:48:33","guid":{"rendered":"https:\/\/radiostargjilan.com\/web\/?p=119887"},"modified":"2022-07-02T11:55:12","modified_gmt":"2022-07-02T09:55:12","slug":"shkurtohet-per-3-ore-rruga-drejt-sarandes-pamje","status":"publish","type":"post","link":"https:\/\/radiostargjilan.com\/web\/shkurtohet-per-3-ore-rruga-drejt-sarandes-pamje\/","title":{"rendered":"Shkurtohet p\u00ebr 3 or\u00eb rruga drejt Sarand\u00ebs, pamje"},"content":{"rendered":"<p>Rruga e re Kardhiq-Delvin\u00eb, e cila shkurton koh\u00ebn e udh\u00ebtimit drejt Sarand\u00ebs, \u00ebsht\u00eb gati.<\/p>\n<p>Ministrja e Turizmit dhe Mjedisit e Shqip\u00ebris\u00eb, Mirela Kumbaro publikoi sot pamje t\u00eb k\u00ebtij aksi rrugor, teksa b\u00ebri t\u00eb ditur se nga sot do t\u00eb jet\u00eb e hapur p\u00ebr gjith\u00eb qytetar\u00ebt duke e sjell\u00eb bregun fare af\u00ebr.<\/p>\n<p>\u201cUdh\u00ebtimi nga Gjirokastra n\u00eb Delvin\u00eb, e p\u00ebrtej n\u00eb Sarand\u00eb me rrug\u00ebn e re q\u00eb nga sot do t\u00eb jet\u00eb e hapur p\u00ebr gjith\u00eb qytetar\u00ebt duke e sjell\u00eb bregun fare af\u00ebr\u201d, shprehet Kumbaro n\u00eb rrjetet sociale.<\/p>\n<p>Pjes\u00eb e k\u00ebsaj rruge \u00ebsht\u00eb edhe tuneli i Sk\u00ebrfic\u00ebs.<\/p>\n<p>Me nj\u00eb gjat\u00ebsi prej 33 km, p\u00ebrfundimi i rrug\u00ebs Kardhiq-Delvin\u00eb e shkurton me 3 or\u00eb koh\u00ebn e udh\u00ebtimit nga Tirana n\u00eb Sarand\u00eb, duke i dh\u00ebn\u00eb nj\u00eb hov t\u00eb m\u00ebtejsh\u00ebm zhvillimit shum\u00ebdimensional t\u00eb zon\u00ebs dhe Shqip\u00ebris\u00eb.<\/p>\n<p>Kliko tek linku:<\/p>\n<p>https:\/\/fb.watch\/d-PTvqtRvE\/<\/p>\n","protected":false},"excerpt":{"rendered":"<p>Rruga e re Kardhiq-Delvin\u00eb, e cila shkurton koh\u00ebn e udh\u00ebtimit drejt Sarand\u00ebs, \u00ebsht\u00eb gati. Ministrja e Turizmit dhe Mjedisit e Shqip\u00ebris\u00eb, Mirela Kumbaro publikoi sot pamje t\u00eb k\u00ebtij aksi rrugor, teksa b\u00ebri t\u00eb ditur se nga sot do t\u00eb jet\u00eb e hapur p\u00ebr gjith\u00eb qytetar\u00ebt duke e sjell\u00eb bregun fare af\u00ebr. \u201cUdh\u00ebtimi nga Gjirokastra n\u00eb [&hellip;]<\/p>\n","protected":false},"author":1,"featured_media":119888,"comment_status":"closed","ping_status":"closed","sticky":false,"template":"","format":"standard","meta":{"footnotes":""},"categories":[5],"tags":[],"class_list":{"0":"post-119887","1":"post","2":"type-post","3":"status-publish","4":"format-standard","5":"has-post-thumbnail","7":"category-lajme"},"_links":{"self":[{"href":"https:\/\/radiostargjilan.com\/web\/wp-json\/wp\/v2\/posts\/119887","targetHints":{"allow":["GET"]}}],"collection":[{"href":"https:\/\/radiostargjilan.com\/web\/wp-json\/wp\/v2\/posts"}],"about":[{"href":"https:\/\/radiostargjilan.com\/web\/wp-json\/wp\/v2\/types\/post"}],"author":[{"embeddable":true,"href":"https:\/\/radiostargjilan.com\/web\/wp-json\/wp\/v2\/users\/1"}],"replies":[{"embeddable":true,"href":"https:\/\/radiostargjilan.com\/web\/wp-json\/wp\/v2\/comments?post=119887"}],"version-history":[{"count":0,"href":"https:\/\/radiostargjilan.com\/web\/wp-json\/wp\/v2\/posts\/119887\/revisions"}],"wp:featuredmedia":[{"embeddable":true,"href":"https:\/\/radiostargjilan.com\/web\/wp-json\/wp\/v2\/media\/119888"}],"wp:attachment":[{"href":"https:\/\/radiostargjilan.com\/web\/wp-json\/wp\/v2\/media?parent=119887"}],"wp:term":[{"taxonomy":"category","embeddable":true,"href":"https:\/\/radiostargjilan.com\/web\/wp-json\/wp\/v2\/categories?post=119887"},{"taxonomy":"post_tag","embeddable":true,"href":"https:\/\/radiostargjilan.com\/web\/wp-json\/wp\/v2\/tags?post=119887"}],"curies":[{"name":"wp","href":"https:\/\/api.w.org\/{rel}","templated":true}]}}