{"id":119891,"date":"2022-07-02T12:17:20","date_gmt":"2022-07-02T10:17:20","guid":{"rendered":"https:\/\/radiostargjilan.com\/web\/?p=119891"},"modified":"2022-07-02T12:17:20","modified_gmt":"2022-07-02T10:17:20","slug":"vazhdon-rritja-e-rasteve-te-reja-me-covid-19-ne-kosove-msh-publikon-raportin","status":"publish","type":"post","link":"https:\/\/radiostargjilan.com\/web\/vazhdon-rritja-e-rasteve-te-reja-me-covid-19-ne-kosove-msh-publikon-raportin\/","title":{"rendered":"Vazhdon rritja e rasteve t\u00eb reja me Covid-19 n\u00eb Kosov\u00eb, MSH publikon raportin"},"content":{"rendered":"<p>Ministria e Sh\u00ebndet\u00ebsis\u00eb ka njoftuar se n\u00eb 24 or\u00ebt e fundit n\u00eb Kosov\u00eb nga 736 testime, 205 persona kan\u00eb rezultuar pozitiv me COVID-19, shkruan Ballkani.info.<\/p>\n<p>Sipas njoftimi, 38 persona jan\u00eb sh\u00ebruar nga ky virus, nd\u00ebrsa asnj\u00eb person nuk ka p\u00ebrfunduar i vdekur.<\/p>\n<p>Ministria ka njoftuar se gjithsej jan\u00eb 897 raste aktive me COVID-19.<\/p>\n<p>Po ashtu, t\u00eb vaksinuar n\u00eb 24 or\u00eb jan\u00eb vet\u00ebm 71 persona, p\u00ebrderisa me doz\u00ebn e par\u00eb jan\u00eb vaksinuar 903 mij\u00eb e 469 persona, me at\u00eb t\u00eb dyt\u00ebn 823 mij\u00eb e 765 dhe me t\u00eb tret\u00ebn 103 mij\u00eb e 262 persona.<\/p>\n<p>Postimi i plot\u00eb nga MSH:<\/p>\n<p><a href=\"https:\/\/radiostargjilan.com\/web\/wp-content\/uploads\/2022\/07\/6BB5B52A-BB2E-4663-AEF1-2847DF7F6995.jpeg\"><img loading=\"lazy\" loading=\"lazy\" decoding=\"async\" src=\"https:\/\/radiostargjilan.com\/web\/wp-content\/uploads\/2022\/07\/6BB5B52A-BB2E-4663-AEF1-2847DF7F6995-300x158.jpeg\" alt=\"\" width=\"300\" height=\"158\" class=\"alignnone size-medium wp-image-119892\" srcset=\"https:\/\/radiostargjilan.com\/web\/wp-content\/uploads\/2022\/07\/6BB5B52A-BB2E-4663-AEF1-2847DF7F6995-300x158.jpeg 300w, https:\/\/radiostargjilan.com\/web\/wp-content\/uploads\/2022\/07\/6BB5B52A-BB2E-4663-AEF1-2847DF7F6995-1024x538.jpeg 1024w, https:\/\/radiostargjilan.com\/web\/wp-content\/uploads\/2022\/07\/6BB5B52A-BB2E-4663-AEF1-2847DF7F6995-768x403.jpeg 768w, https:\/\/radiostargjilan.com\/web\/wp-content\/uploads\/2022\/07\/6BB5B52A-BB2E-4663-AEF1-2847DF7F6995.jpeg 1200w\" sizes=\"auto, (max-width: 300px) 100vw, 300px\" \/><\/a><\/p>\n","protected":false},"excerpt":{"rendered":"<p>Ministria e Sh\u00ebndet\u00ebsis\u00eb ka njoftuar se n\u00eb 24 or\u00ebt e fundit n\u00eb Kosov\u00eb nga 736 testime, 205 persona kan\u00eb rezultuar pozitiv me COVID-19, shkruan Ballkani.info. Sipas njoftimi, 38 persona jan\u00eb sh\u00ebruar nga ky virus, nd\u00ebrsa asnj\u00eb person nuk ka p\u00ebrfunduar i vdekur. Ministria ka njoftuar se gjithsej jan\u00eb 897 raste aktive me COVID-19. Po ashtu, [&hellip;]<\/p>\n","protected":false},"author":1,"featured_media":119534,"comment_status":"closed","ping_status":"closed","sticky":false,"template":"","format":"standard","meta":{"footnotes":""},"categories":[3],"tags":[],"class_list":{"0":"post-119891","1":"post","2":"type-post","3":"status-publish","4":"format-standard","5":"has-post-thumbnail","7":"category-shendetesi"},"_links":{"self":[{"href":"https:\/\/radiostargjilan.com\/web\/wp-json\/wp\/v2\/posts\/119891","targetHints":{"allow":["GET"]}}],"collection":[{"href":"https:\/\/radiostargjilan.com\/web\/wp-json\/wp\/v2\/posts"}],"about":[{"href":"https:\/\/radiostargjilan.com\/web\/wp-json\/wp\/v2\/types\/post"}],"author":[{"embeddable":true,"href":"https:\/\/radiostargjilan.com\/web\/wp-json\/wp\/v2\/users\/1"}],"replies":[{"embeddable":true,"href":"https:\/\/radiostargjilan.com\/web\/wp-json\/wp\/v2\/comments?post=119891"}],"version-history":[{"count":0,"href":"https:\/\/radiostargjilan.com\/web\/wp-json\/wp\/v2\/posts\/119891\/revisions"}],"wp:featuredmedia":[{"embeddable":true,"href":"https:\/\/radiostargjilan.com\/web\/wp-json\/wp\/v2\/media\/119534"}],"wp:attachment":[{"href":"https:\/\/radiostargjilan.com\/web\/wp-json\/wp\/v2\/media?parent=119891"}],"wp:term":[{"taxonomy":"category","embeddable":true,"href":"https:\/\/radiostargjilan.com\/web\/wp-json\/wp\/v2\/categories?post=119891"},{"taxonomy":"post_tag","embeddable":true,"href":"https:\/\/radiostargjilan.com\/web\/wp-json\/wp\/v2\/tags?post=119891"}],"curies":[{"name":"wp","href":"https:\/\/api.w.org\/{rel}","templated":true}]}}