{"id":120068,"date":"2022-07-04T16:05:44","date_gmt":"2022-07-04T14:05:44","guid":{"rendered":"https:\/\/radiostargjilan.com\/web\/?p=120068"},"modified":"2022-07-04T16:05:44","modified_gmt":"2022-07-04T14:05:44","slug":"ne-astoria-luxory-spa-hotel-per-ndere-te-festes-se-kurban-bajramit-do-te-ju-argetoj-sabri-fejzullahu","status":"publish","type":"post","link":"https:\/\/radiostargjilan.com\/web\/ne-astoria-luxory-spa-hotel-per-ndere-te-festes-se-kurban-bajramit-do-te-ju-argetoj-sabri-fejzullahu\/","title":{"rendered":"N\u00eb Astoria Luxory &#038; Spa Hotel p\u00ebr nder\u00eb t\u00eb fest\u00ebs s\u00eb Kurban Bajramit, do t\u00eb ju arg\u00ebtoj Sabri Fejzullahu"},"content":{"rendered":"<p>Mbr\u00ebmje muzikore p\u00ebr fest\u00ebn e Kurban Bajramit, Sabri Fejzullahu n\u00eb Astoria Luxory &#038; Spa Hotel<\/p>\n<p>Mbr\u00ebmje e madhe muzikore do t\u00eb mbahet t\u00eb me 9 korrik n\u00eb dit\u00ebn e shtune nga ora 20:00, n\u00eb Astoria Luxory &#038; Spa Hotel n\u00eb Gjilan, do t\u00eb ju arg\u00ebtoj Sabri Fejzullahu.<br \/>\n<a href=\"https:\/\/radiostargjilan.com\/web\/wp-content\/uploads\/2022\/07\/6DE8FC12-4E84-4652-AD3B-5E852A56084B.jpeg\"><img loading=\"lazy\" loading=\"lazy\" decoding=\"async\" src=\"https:\/\/radiostargjilan.com\/web\/wp-content\/uploads\/2022\/07\/6DE8FC12-4E84-4652-AD3B-5E852A56084B-300x291.jpeg\" alt=\"\" width=\"300\" height=\"291\" class=\"alignnone size-medium wp-image-120069\" srcset=\"https:\/\/radiostargjilan.com\/web\/wp-content\/uploads\/2022\/07\/6DE8FC12-4E84-4652-AD3B-5E852A56084B-300x291.jpeg 300w, https:\/\/radiostargjilan.com\/web\/wp-content\/uploads\/2022\/07\/6DE8FC12-4E84-4652-AD3B-5E852A56084B-1024x992.jpeg 1024w, https:\/\/radiostargjilan.com\/web\/wp-content\/uploads\/2022\/07\/6DE8FC12-4E84-4652-AD3B-5E852A56084B-768x744.jpeg 768w, https:\/\/radiostargjilan.com\/web\/wp-content\/uploads\/2022\/07\/6DE8FC12-4E84-4652-AD3B-5E852A56084B.jpeg 1170w\" sizes=\"auto, (max-width: 300px) 100vw, 300px\" \/><\/a><br \/>\nAstoria Luxory &#038; Spa Hotel, fton t\u00eb gjith\u00eb me dat\u00eb 9 korrik , p\u00ebr t\u00eb festuar Fest\u00ebn e Kurban Bajramit.<\/p>\n","protected":false},"excerpt":{"rendered":"<p>Mbr\u00ebmje muzikore p\u00ebr fest\u00ebn e Kurban Bajramit, Sabri Fejzullahu n\u00eb Astoria Luxory &#038; Spa Hotel Mbr\u00ebmje e madhe muzikore do t\u00eb mbahet t\u00eb me 9 korrik n\u00eb dit\u00ebn e shtune nga ora 20:00, n\u00eb Astoria Luxory &#038; Spa Hotel n\u00eb Gjilan, do t\u00eb ju arg\u00ebtoj Sabri Fejzullahu. Astoria Luxory &#038; Spa Hotel, fton t\u00eb gjith\u00eb [&hellip;]<\/p>\n","protected":false},"author":1,"featured_media":120069,"comment_status":"closed","ping_status":"closed","sticky":false,"template":"","format":"standard","meta":{"footnotes":""},"categories":[9],"tags":[],"class_list":{"0":"post-120068","1":"post","2":"type-post","3":"status-publish","4":"format-standard","5":"has-post-thumbnail","7":"category-magazina"},"_links":{"self":[{"href":"https:\/\/radiostargjilan.com\/web\/wp-json\/wp\/v2\/posts\/120068","targetHints":{"allow":["GET"]}}],"collection":[{"href":"https:\/\/radiostargjilan.com\/web\/wp-json\/wp\/v2\/posts"}],"about":[{"href":"https:\/\/radiostargjilan.com\/web\/wp-json\/wp\/v2\/types\/post"}],"author":[{"embeddable":true,"href":"https:\/\/radiostargjilan.com\/web\/wp-json\/wp\/v2\/users\/1"}],"replies":[{"embeddable":true,"href":"https:\/\/radiostargjilan.com\/web\/wp-json\/wp\/v2\/comments?post=120068"}],"version-history":[{"count":0,"href":"https:\/\/radiostargjilan.com\/web\/wp-json\/wp\/v2\/posts\/120068\/revisions"}],"wp:featuredmedia":[{"embeddable":true,"href":"https:\/\/radiostargjilan.com\/web\/wp-json\/wp\/v2\/media\/120069"}],"wp:attachment":[{"href":"https:\/\/radiostargjilan.com\/web\/wp-json\/wp\/v2\/media?parent=120068"}],"wp:term":[{"taxonomy":"category","embeddable":true,"href":"https:\/\/radiostargjilan.com\/web\/wp-json\/wp\/v2\/categories?post=120068"},{"taxonomy":"post_tag","embeddable":true,"href":"https:\/\/radiostargjilan.com\/web\/wp-json\/wp\/v2\/tags?post=120068"}],"curies":[{"name":"wp","href":"https:\/\/api.w.org\/{rel}","templated":true}]}}