{"id":120191,"date":"2022-07-05T21:55:41","date_gmt":"2022-07-05T19:55:41","guid":{"rendered":"https:\/\/radiostargjilan.com\/web\/?p=120191"},"modified":"2022-07-05T21:55:41","modified_gmt":"2022-07-05T19:55:41","slug":"vdes-mjeku-mentor-salihi-ishte-ne-autoambulancen-qe-u-aksidentua-pak-dite-me-pare","status":"publish","type":"post","link":"https:\/\/radiostargjilan.com\/web\/vdes-mjeku-mentor-salihi-ishte-ne-autoambulancen-qe-u-aksidentua-pak-dite-me-pare\/","title":{"rendered":"Vdes mjeku Mentor Salihi, ishte n\u00eb autoambulanc\u00ebn q\u00eb u aksidentua pak dit\u00eb m\u00eb par\u00eb"},"content":{"rendered":"<p>Si pasoj\u00eb e l\u00ebndimeve t\u00eb marra, sot ka nd\u00ebrruar jet\u00eb mjeku i Qendr\u00ebs Kryesore t\u00eb Mjek\u00ebsis\u00eb Familjare n\u00eb Gjakov\u00eb, Mentor Salihi, i cili ishte brenda autoambulanc\u00ebs q\u00eb u aksidentua m\u00eb 30 qershor n\u00eb Gjakov\u00eb.<\/p>\n<p>N\u00eb t\u00eb nj\u00ebjtin aksident, i vdekur kishte mbetur edhe drejtuesi i autoambulanc\u00ebs, Skofiar Gjini.<\/p>\n<p>Lajmin p\u00ebr vdekjen e Salihit e kan\u00eb konfirmuar n\u00ebp\u00ebrmjet rrjeteve sociale miq e t\u00eb af\u00ebrm t\u00eb tij.<\/p>\n<p>Nj\u00ebri prej t\u00eb af\u00ebrmve t\u00eb tij ka shkruar se Salihi \u00ebsht\u00eb \u201cmjeku q\u00eb para disa dit\u00ebsh, duke dashur ta shp\u00ebtoj\u00eb jet\u00ebn e tjetrit, u aksidentua dhe sot kaloi n\u00eb amshim\u201d<\/p>\n<p>Aksidenti i r\u00ebnd\u00eb kishte ndodhur n\u00eb lagjen Dardania (Piskot\u00eb), mes autoambulanc\u00ebs dhe nj\u00eb veture te tipit Golf.<\/p>\n<p>N\u00eb mjetin e ambulances kan\u00eb qen\u00eb vozit\u00ebsi Skofiar Gjini, i cili ka nd\u00ebrruar jet\u00eb, doktori Mentor Salihu, infermieri Faton Brahimaj dhe pacienti Zef Dula.<\/p>\n","protected":false},"excerpt":{"rendered":"<p>Si pasoj\u00eb e l\u00ebndimeve t\u00eb marra, sot ka nd\u00ebrruar jet\u00eb mjeku i Qendr\u00ebs Kryesore t\u00eb Mjek\u00ebsis\u00eb Familjare n\u00eb Gjakov\u00eb, Mentor Salihi, i cili ishte brenda autoambulanc\u00ebs q\u00eb u aksidentua m\u00eb 30 qershor n\u00eb Gjakov\u00eb. N\u00eb t\u00eb nj\u00ebjtin aksident, i vdekur kishte mbetur edhe drejtuesi i autoambulanc\u00ebs, Skofiar Gjini. Lajmin p\u00ebr vdekjen e Salihit e kan\u00eb [&hellip;]<\/p>\n","protected":false},"author":1,"featured_media":120192,"comment_status":"closed","ping_status":"closed","sticky":false,"template":"","format":"standard","meta":{"footnotes":""},"categories":[3],"tags":[],"class_list":{"0":"post-120191","1":"post","2":"type-post","3":"status-publish","4":"format-standard","5":"has-post-thumbnail","7":"category-shendetesi"},"_links":{"self":[{"href":"https:\/\/radiostargjilan.com\/web\/wp-json\/wp\/v2\/posts\/120191","targetHints":{"allow":["GET"]}}],"collection":[{"href":"https:\/\/radiostargjilan.com\/web\/wp-json\/wp\/v2\/posts"}],"about":[{"href":"https:\/\/radiostargjilan.com\/web\/wp-json\/wp\/v2\/types\/post"}],"author":[{"embeddable":true,"href":"https:\/\/radiostargjilan.com\/web\/wp-json\/wp\/v2\/users\/1"}],"replies":[{"embeddable":true,"href":"https:\/\/radiostargjilan.com\/web\/wp-json\/wp\/v2\/comments?post=120191"}],"version-history":[{"count":0,"href":"https:\/\/radiostargjilan.com\/web\/wp-json\/wp\/v2\/posts\/120191\/revisions"}],"wp:featuredmedia":[{"embeddable":true,"href":"https:\/\/radiostargjilan.com\/web\/wp-json\/wp\/v2\/media\/120192"}],"wp:attachment":[{"href":"https:\/\/radiostargjilan.com\/web\/wp-json\/wp\/v2\/media?parent=120191"}],"wp:term":[{"taxonomy":"category","embeddable":true,"href":"https:\/\/radiostargjilan.com\/web\/wp-json\/wp\/v2\/categories?post=120191"},{"taxonomy":"post_tag","embeddable":true,"href":"https:\/\/radiostargjilan.com\/web\/wp-json\/wp\/v2\/tags?post=120191"}],"curies":[{"name":"wp","href":"https:\/\/api.w.org\/{rel}","templated":true}]}}