{"id":120253,"date":"2022-07-06T13:04:14","date_gmt":"2022-07-06T11:04:14","guid":{"rendered":"https:\/\/radiostargjilan.com\/web\/?p=120253"},"modified":"2022-07-06T13:04:14","modified_gmt":"2022-07-06T11:04:14","slug":"policia-e-gjilanit-me-aktivitete-vetedijesuese-sezoni-veror-2022","status":"publish","type":"post","link":"https:\/\/radiostargjilan.com\/web\/policia-e-gjilanit-me-aktivitete-vetedijesuese-sezoni-veror-2022\/","title":{"rendered":"Policia e Gjilanit me aktivitete vet\u00ebdij\u00ebsuese \u201cSezoni veror 2022\u201d"},"content":{"rendered":"<p>olicia e Gjilanit me aktivitete vet\u00ebdij\u00ebsuese \u201cSezoni veror 2022\u201d<br \/>\n REDAKSIA RAJONIPRESS  12:26, 6 Korrik, 2022<\/p>\n<p>Gjilan \u2013 Drejtoria Rajonale e Policis\u00eb n\u00eb Gjilan, nj\u00ebsiti i Komunitetit t\u00eb stacionit policor\u00eb n\u00eb Gjilan n\u00eb bashk\u00ebpunim me Drejtorin\u00eb p\u00ebr Kultur\u00eb, Rini dhe Sport t\u00eb komun\u00ebs s\u00eb Gjilanit, n\u00eb zbatim t\u00eb planit operacional \u201cSezoni Veror 2022\u2019\u2019, sot me dat\u00ebn 06\/07\/2022 kan\u00eb zhvilluar nj\u00eb fushat\u00eb vet\u00ebdij\u00ebsuese n\u00eb disa pjes\u00eb t\u00eb qytetit t\u00eb Gjilanit.<\/p>\n<p>Gjat\u00eb k\u00ebtij aktiviteti jan\u00eb shp\u00ebrndar\u00eb flet\u00ebpalosje t\u00eb cilat b\u00ebjn\u00eb thirrje tek qytetar\u00ebt q\u00eb s\u00eb bashku t\u00eb kontribuojm\u00eb dhe reflektojm\u00eb pozitivisht p\u00ebr sigurin\u00eb e p\u00ebrgjithshme n\u00eb t\u00eb mir\u00eb t\u00eb t\u00eb gjith\u00eb qytetar\u00ebve.<\/p>\n<p>Motoja e gjith\u00eb k\u00ebsaj fushate ka qen\u00eb ,,S\u00eb bashku mund\u00eb t\u00eb ja dalim\u2019\u2019.<br \/>\nDrejtoria Rajonale e Policis\u00eb n\u00eb Gjilan, inkurajon qytetar\u00ebt dhe mediat q\u00eb p\u00ebr t\u00eb gjitha dukurit\u00eb negative q\u00eb i v\u00ebrejn\u00eb t\u00eb njoftojn\u00eb stacionin m\u00eb t\u00eb af\u00ebrm t\u00eb Policis\u00eb, apo p\u00ebrmes aplikacionit digjital \u201cLajm\u00ebro Policin\u00eb\u201d dhe numrat kujdestar\u00eb:192; 03850807001. T\u00eb dh\u00ebnat e juaja do t\u00eb ruhen ne konfidencialitet t\u00eb plot\u00eb.<\/p>\n<p>Policia e Kosov\u00ebs punon dhe vepron p\u00ebr nj\u00eb ambient t\u00eb qet\u00eb dhe t\u00eb sigurt p\u00ebr t\u00eb gjith\u00eb qytetar\u00ebt.<\/p>\n","protected":false},"excerpt":{"rendered":"<p>olicia e Gjilanit me aktivitete vet\u00ebdij\u00ebsuese \u201cSezoni veror 2022\u201d REDAKSIA RAJONIPRESS 12:26, 6 Korrik, 2022 Gjilan \u2013 Drejtoria Rajonale e Policis\u00eb n\u00eb Gjilan, nj\u00ebsiti i Komunitetit t\u00eb stacionit policor\u00eb n\u00eb Gjilan n\u00eb bashk\u00ebpunim me Drejtorin\u00eb p\u00ebr Kultur\u00eb, Rini dhe Sport t\u00eb komun\u00ebs s\u00eb Gjilanit, n\u00eb zbatim t\u00eb planit operacional \u201cSezoni Veror 2022\u2019\u2019, sot me dat\u00ebn [&hellip;]<\/p>\n","protected":false},"author":1,"featured_media":120254,"comment_status":"closed","ping_status":"closed","sticky":false,"template":"","format":"standard","meta":{"footnotes":""},"categories":[5],"tags":[],"class_list":{"0":"post-120253","1":"post","2":"type-post","3":"status-publish","4":"format-standard","5":"has-post-thumbnail","7":"category-lajme"},"_links":{"self":[{"href":"https:\/\/radiostargjilan.com\/web\/wp-json\/wp\/v2\/posts\/120253","targetHints":{"allow":["GET"]}}],"collection":[{"href":"https:\/\/radiostargjilan.com\/web\/wp-json\/wp\/v2\/posts"}],"about":[{"href":"https:\/\/radiostargjilan.com\/web\/wp-json\/wp\/v2\/types\/post"}],"author":[{"embeddable":true,"href":"https:\/\/radiostargjilan.com\/web\/wp-json\/wp\/v2\/users\/1"}],"replies":[{"embeddable":true,"href":"https:\/\/radiostargjilan.com\/web\/wp-json\/wp\/v2\/comments?post=120253"}],"version-history":[{"count":0,"href":"https:\/\/radiostargjilan.com\/web\/wp-json\/wp\/v2\/posts\/120253\/revisions"}],"wp:featuredmedia":[{"embeddable":true,"href":"https:\/\/radiostargjilan.com\/web\/wp-json\/wp\/v2\/media\/120254"}],"wp:attachment":[{"href":"https:\/\/radiostargjilan.com\/web\/wp-json\/wp\/v2\/media?parent=120253"}],"wp:term":[{"taxonomy":"category","embeddable":true,"href":"https:\/\/radiostargjilan.com\/web\/wp-json\/wp\/v2\/categories?post=120253"},{"taxonomy":"post_tag","embeddable":true,"href":"https:\/\/radiostargjilan.com\/web\/wp-json\/wp\/v2\/tags?post=120253"}],"curies":[{"name":"wp","href":"https:\/\/api.w.org\/{rel}","templated":true}]}}