{"id":120256,"date":"2022-07-06T13:59:14","date_gmt":"2022-07-06T11:59:14","guid":{"rendered":"https:\/\/radiostargjilan.com\/web\/?p=120256"},"modified":"2022-07-06T13:59:14","modified_gmt":"2022-07-06T11:59:14","slug":"dy-dite-pasi-e-shkarkoi-veshallin-kurti-emeron-zevendesministrin-e-ri-te-kultures","status":"publish","type":"post","link":"https:\/\/radiostargjilan.com\/web\/dy-dite-pasi-e-shkarkoi-veshallin-kurti-emeron-zevendesministrin-e-ri-te-kultures\/","title":{"rendered":"Dy dit\u00eb pasi e shkarkoi Veshallin, Kurti em\u00ebron z\u00ebvend\u00ebsministrin e ri t\u00eb Kultur\u00ebs"},"content":{"rendered":"<p>Kryeministri Albin Kurti ka em\u00ebruar Sylejman Elshanin z\u00ebvend\u00ebsminist\u00ebr n\u00eb Ministrin\u00eb e Kultur\u00ebs, Rinis\u00eb dhe Sporteve, raporton Express.<\/p>\n<p>Em\u00ebrimi i Elshanit vjen dy dit\u00eb pasi Kurti e liroi nga detyra ish-z\u00ebvend\u00ebsministrin Sejnur Veshall.<\/p>\n<p>N\u00eb vendimin e siguruar nga T7, thuhet se \u201cz\u00ebvend\u00ebsministri em\u00ebrohet p\u00ebr mb\u00ebshtetetjen e Ministritt t\u00eb Ministris\u00eb s\u00eb Kultur\u00ebs, Rinis\u00eb dhe Sporteve dhe \u00ebsht\u00eb p\u00ebrgjegj\u00ebs p\u00ebr menaxhimin e aktiviteteve n\u00eb fushat e p\u00ebrcaktuara nga Ministri, si dhe p\u00ebr z\u00ebvend\u00ebsimin e Ministrit kur ai mungo nose kur nuk \u00ebsht\u00eb n\u00eb gjendje t\u00eb kryej\u00eb detyr\u00ebn e tij\u201d.<\/p>\n<p>Ndryshe, Senur Veshall, ish-z\u00ebvend\u00ebsminist\u00ebr i Ministris\u00eb s\u00eb Kultur\u00ebs, ka th\u00ebn\u00eb se shkarkimi i tij nga kjo pozit\u00eb u b\u00eb sepse, si\u00e7 tha ai, ka mbrojtur kryeministrin Albin Kurti dhe ministrin e Kultur\u00ebs, Hajrullah \u00c7eku.<\/p>\n<p>\u201cUn\u00eb u lirova prej postit sepse kam punuar p\u00ebr qeverin\u00eb dhe e kam mbrojtur qeverin\u00eb dhe u lirova prej postit sepse e kam mbrojtur Albin Kurtin dhe Hajrullah \u00c7ekun\u201d, ka th\u00ebn\u00eb Veshall.\/Express<\/p>\n","protected":false},"excerpt":{"rendered":"<p>Kryeministri Albin Kurti ka em\u00ebruar Sylejman Elshanin z\u00ebvend\u00ebsminist\u00ebr n\u00eb Ministrin\u00eb e Kultur\u00ebs, Rinis\u00eb dhe Sporteve, raporton Express. Em\u00ebrimi i Elshanit vjen dy dit\u00eb pasi Kurti e liroi nga detyra ish-z\u00ebvend\u00ebsministrin Sejnur Veshall. N\u00eb vendimin e siguruar nga T7, thuhet se \u201cz\u00ebvend\u00ebsministri em\u00ebrohet p\u00ebr mb\u00ebshtetetjen e Ministritt t\u00eb Ministris\u00eb s\u00eb Kultur\u00ebs, Rinis\u00eb dhe Sporteve dhe \u00ebsht\u00eb [&hellip;]<\/p>\n","protected":false},"author":1,"featured_media":120257,"comment_status":"closed","ping_status":"closed","sticky":false,"template":"","format":"standard","meta":{"footnotes":""},"categories":[5],"tags":[],"class_list":{"0":"post-120256","1":"post","2":"type-post","3":"status-publish","4":"format-standard","5":"has-post-thumbnail","7":"category-lajme"},"_links":{"self":[{"href":"https:\/\/radiostargjilan.com\/web\/wp-json\/wp\/v2\/posts\/120256","targetHints":{"allow":["GET"]}}],"collection":[{"href":"https:\/\/radiostargjilan.com\/web\/wp-json\/wp\/v2\/posts"}],"about":[{"href":"https:\/\/radiostargjilan.com\/web\/wp-json\/wp\/v2\/types\/post"}],"author":[{"embeddable":true,"href":"https:\/\/radiostargjilan.com\/web\/wp-json\/wp\/v2\/users\/1"}],"replies":[{"embeddable":true,"href":"https:\/\/radiostargjilan.com\/web\/wp-json\/wp\/v2\/comments?post=120256"}],"version-history":[{"count":0,"href":"https:\/\/radiostargjilan.com\/web\/wp-json\/wp\/v2\/posts\/120256\/revisions"}],"wp:featuredmedia":[{"embeddable":true,"href":"https:\/\/radiostargjilan.com\/web\/wp-json\/wp\/v2\/media\/120257"}],"wp:attachment":[{"href":"https:\/\/radiostargjilan.com\/web\/wp-json\/wp\/v2\/media?parent=120256"}],"wp:term":[{"taxonomy":"category","embeddable":true,"href":"https:\/\/radiostargjilan.com\/web\/wp-json\/wp\/v2\/categories?post=120256"},{"taxonomy":"post_tag","embeddable":true,"href":"https:\/\/radiostargjilan.com\/web\/wp-json\/wp\/v2\/tags?post=120256"}],"curies":[{"name":"wp","href":"https:\/\/api.w.org\/{rel}","templated":true}]}}