{"id":121818,"date":"2022-07-19T22:05:13","date_gmt":"2022-07-19T20:05:13","guid":{"rendered":"https:\/\/radiostargjilan.com\/web\/?p=121818"},"modified":"2022-07-19T22:05:13","modified_gmt":"2022-07-19T20:05:13","slug":"e-cuditshme-vajza-nga-diaspora-qe-ngacmohet-nga-policet-e-kosoves","status":"publish","type":"post","link":"https:\/\/radiostargjilan.com\/web\/e-cuditshme-vajza-nga-diaspora-qe-ngacmohet-nga-policet-e-kosoves\/","title":{"rendered":"E \u00e7uditshme: Vajza nga diaspora q\u00eb ngacmohet nga polic\u00ebt e Kosov\u00ebs"},"content":{"rendered":"<p>Gresa Morina \u00ebsht\u00eb lindur dhe rritur n\u00eb Zvic\u00ebr. Por, me vendlindjen e prind\u00ebrve t\u00eb saj, Kosov\u00ebn, ka nj\u00eb lidhje t\u00eb ve\u00e7ant\u00eb.<\/p>\n<p>Ajo \u00ebsht\u00eb b\u00ebr\u00eb virale me videot e saj n\u00eb \u201cTik-Tok\u201d, ku me ndjek\u00ebsit q\u00eb ka ndan gjith\u00e7ka nga jeta q\u00eb ajo sheh n\u00eb Kosov\u00eb.<\/p>\n<p>Nd\u00ebrsa, ajo q\u00eb i pengon m\u00eb s\u00eb shumti jan\u00eb njer\u00ebzit materialist\u00eb dhe rritja e \u00e7mimeve.<\/p>\n<p>Ndryshe, duke folur p\u00ebr T7 ajo tha se ka pasur raste kur \u00ebsht\u00eb ndjer\u00eb n\u00eb siklet nga Policia e Kosov\u00ebs.<\/p>\n<p>Tregoi pik\u00ebrisht s\u00eb fundi kur ka ardhur posa ka kaluar kufirin ishte ndaluar nga policia.<\/p>\n<p>\u201cM\u00eb d\u00ebnuan, ma mor\u00ebn lejen, disa dit\u00eb m\u00eb von\u00eb na kan\u00eb shkruar n\u00eb Facebook\u201d, tha pos tjerash Gresa.<\/p>\n<p>VIDEO<\/p>\n<p><iframe loading=\"lazy\" title=\"M\u00ebrgimtarja nga Zvicra tregon se si e ngacmoi Policia e Kosov\u00ebs, ja rr\u00ebfimi i saj | T7\" width=\"1240\" height=\"698\" src=\"https:\/\/www.youtube.com\/embed\/W3GGVTZZF2o?feature=oembed\" frameborder=\"0\" allow=\"accelerometer; autoplay; clipboard-write; encrypted-media; gyroscope; picture-in-picture; web-share\" referrerpolicy=\"strict-origin-when-cross-origin\" allowfullscreen><\/iframe><\/p>\n","protected":false},"excerpt":{"rendered":"<p>Gresa Morina \u00ebsht\u00eb lindur dhe rritur n\u00eb Zvic\u00ebr. Por, me vendlindjen e prind\u00ebrve t\u00eb saj, Kosov\u00ebn, ka nj\u00eb lidhje t\u00eb ve\u00e7ant\u00eb. Ajo \u00ebsht\u00eb b\u00ebr\u00eb virale me videot e saj n\u00eb \u201cTik-Tok\u201d, ku me ndjek\u00ebsit q\u00eb ka ndan gjith\u00e7ka nga jeta q\u00eb ajo sheh n\u00eb Kosov\u00eb. Nd\u00ebrsa, ajo q\u00eb i pengon m\u00eb s\u00eb shumti jan\u00eb njer\u00ebzit [&hellip;]<\/p>\n","protected":false},"author":1,"featured_media":121819,"comment_status":"closed","ping_status":"closed","sticky":false,"template":"","format":"standard","meta":{"footnotes":""},"categories":[5],"tags":[],"class_list":{"0":"post-121818","1":"post","2":"type-post","3":"status-publish","4":"format-standard","5":"has-post-thumbnail","7":"category-lajme"},"_links":{"self":[{"href":"https:\/\/radiostargjilan.com\/web\/wp-json\/wp\/v2\/posts\/121818","targetHints":{"allow":["GET"]}}],"collection":[{"href":"https:\/\/radiostargjilan.com\/web\/wp-json\/wp\/v2\/posts"}],"about":[{"href":"https:\/\/radiostargjilan.com\/web\/wp-json\/wp\/v2\/types\/post"}],"author":[{"embeddable":true,"href":"https:\/\/radiostargjilan.com\/web\/wp-json\/wp\/v2\/users\/1"}],"replies":[{"embeddable":true,"href":"https:\/\/radiostargjilan.com\/web\/wp-json\/wp\/v2\/comments?post=121818"}],"version-history":[{"count":0,"href":"https:\/\/radiostargjilan.com\/web\/wp-json\/wp\/v2\/posts\/121818\/revisions"}],"wp:featuredmedia":[{"embeddable":true,"href":"https:\/\/radiostargjilan.com\/web\/wp-json\/wp\/v2\/media\/121819"}],"wp:attachment":[{"href":"https:\/\/radiostargjilan.com\/web\/wp-json\/wp\/v2\/media?parent=121818"}],"wp:term":[{"taxonomy":"category","embeddable":true,"href":"https:\/\/radiostargjilan.com\/web\/wp-json\/wp\/v2\/categories?post=121818"},{"taxonomy":"post_tag","embeddable":true,"href":"https:\/\/radiostargjilan.com\/web\/wp-json\/wp\/v2\/tags?post=121818"}],"curies":[{"name":"wp","href":"https:\/\/api.w.org\/{rel}","templated":true}]}}