{"id":122197,"date":"2022-07-25T09:22:21","date_gmt":"2022-07-25T07:22:21","guid":{"rendered":"https:\/\/radiostargjilan.com\/web\/?p=122197"},"modified":"2022-07-25T09:22:21","modified_gmt":"2022-07-25T07:22:21","slug":"edi-rama-shkarkon-arben-ahmetajn-nga-pozita-e-zevendeskryeministrit-dhe-ministrit","status":"publish","type":"post","link":"https:\/\/radiostargjilan.com\/web\/edi-rama-shkarkon-arben-ahmetajn-nga-pozita-e-zevendeskryeministrit-dhe-ministrit\/","title":{"rendered":"Edi Rama shkarkon Arben Ahmetajn nga pozita e z\u00ebvend\u00ebskryeministrit dhe ministrit"},"content":{"rendered":"<p>Kryeministri i Shqip\u00ebris\u00eb, Edi Rama ka njoftuar m\u00ebngjesin e sot\u00ebm n\u00ebp\u00ebrmjet nj\u00eb postimi n\u00eb Twitter se Belinda Balluku \u00ebsht\u00eb em\u00ebruar zv.kryeministre. Nd\u00ebrsa Arben Ahmetaj \u00ebsht\u00eb shkarkuar si zv.kryeminist\u00ebr dhe si minist\u00ebr i Shtetit p\u00ebr Rind\u00ebrtimin.<\/p>\n<p>Po k\u00ebshtu \u00ebsht\u00eb larguar Zef Mazi si kryenegociator dhe n\u00eb vend t\u00eb tij \u00ebsht\u00eb vendosur Majlnda Dhuka.<\/p>\n<p>Kjo e fundit do mbaj\u00eb edhe postin ministrit t\u00eb Shtetit.<\/p>\n<p>\u201cFalenderoj Arben Ahmetajn p\u00ebr kontributin n\u00eb misionin ton\u00eb t\u00eb p\u00ebrmbushur me nj\u00eb sukses spektakolar p\u00ebr Rind\u00ebrtimin. Falenderoj Zef Mazin p\u00ebr kontributin n\u00eb arritjen e madhe historike t \u00e7eljes s\u00eb negociatave; dy bashk\u00ebpun\u00ebtor\u00eb t\u00eb vlefsh\u00ebm n\u00eb nj\u00eb rrug\u00eb sfidash q\u00eb vazhdon.<\/p>\n<p>Energjia si sfida m\u00eb kolosale e k\u00ebsaj periudhe dhe infrastruktura si sfid\u00eb e pand\u00ebrprer\u00eb komb\u00ebtare, jan\u00eb b\u00ebr\u00eb sot edhe marr\u00ebdh\u00ebnie intensive me qeveri e institucione nd\u00ebrkomb\u00ebtare. Koha q\u00eb roli i zv\/kryeministrit t\u00eb fokusohet n\u00eb k\u00ebto fusha. Belinda Balluku b\u00ebhet zv\/kryeministre.<\/p>\n<p>Tani q\u00eb prioriteti i Rind\u00ebrtimit ia le vendin prioritetit t\u00eb Negociatave me BE,nd\u00ebrron profili i ministrit t\u00eb Shtetit. Majlinda Dhuka,nj\u00eb profil i lart\u00eb teknik n\u00eb vend t\u00eb profilit t\u00eb lart\u00eb diplomatik t\u00eb ambasadorit Mazi, b\u00ebhet Kryenegociatore&#038; Ministre Shteti pran\u00eb kryeministrit\u201d, shkruan Rama n\u00eb Twitter.\/euronews.al<\/p>\n","protected":false},"excerpt":{"rendered":"<p>Kryeministri i Shqip\u00ebris\u00eb, Edi Rama ka njoftuar m\u00ebngjesin e sot\u00ebm n\u00ebp\u00ebrmjet nj\u00eb postimi n\u00eb Twitter se Belinda Balluku \u00ebsht\u00eb em\u00ebruar zv.kryeministre. Nd\u00ebrsa Arben Ahmetaj \u00ebsht\u00eb shkarkuar si zv.kryeminist\u00ebr dhe si minist\u00ebr i Shtetit p\u00ebr Rind\u00ebrtimin. Po k\u00ebshtu \u00ebsht\u00eb larguar Zef Mazi si kryenegociator dhe n\u00eb vend t\u00eb tij \u00ebsht\u00eb vendosur Majlnda Dhuka. Kjo e fundit [&hellip;]<\/p>\n","protected":false},"author":1,"featured_media":122198,"comment_status":"closed","ping_status":"closed","sticky":false,"template":"","format":"standard","meta":{"footnotes":""},"categories":[5],"tags":[],"class_list":{"0":"post-122197","1":"post","2":"type-post","3":"status-publish","4":"format-standard","5":"has-post-thumbnail","7":"category-lajme"},"_links":{"self":[{"href":"https:\/\/radiostargjilan.com\/web\/wp-json\/wp\/v2\/posts\/122197","targetHints":{"allow":["GET"]}}],"collection":[{"href":"https:\/\/radiostargjilan.com\/web\/wp-json\/wp\/v2\/posts"}],"about":[{"href":"https:\/\/radiostargjilan.com\/web\/wp-json\/wp\/v2\/types\/post"}],"author":[{"embeddable":true,"href":"https:\/\/radiostargjilan.com\/web\/wp-json\/wp\/v2\/users\/1"}],"replies":[{"embeddable":true,"href":"https:\/\/radiostargjilan.com\/web\/wp-json\/wp\/v2\/comments?post=122197"}],"version-history":[{"count":0,"href":"https:\/\/radiostargjilan.com\/web\/wp-json\/wp\/v2\/posts\/122197\/revisions"}],"wp:featuredmedia":[{"embeddable":true,"href":"https:\/\/radiostargjilan.com\/web\/wp-json\/wp\/v2\/media\/122198"}],"wp:attachment":[{"href":"https:\/\/radiostargjilan.com\/web\/wp-json\/wp\/v2\/media?parent=122197"}],"wp:term":[{"taxonomy":"category","embeddable":true,"href":"https:\/\/radiostargjilan.com\/web\/wp-json\/wp\/v2\/categories?post=122197"},{"taxonomy":"post_tag","embeddable":true,"href":"https:\/\/radiostargjilan.com\/web\/wp-json\/wp\/v2\/tags?post=122197"}],"curies":[{"name":"wp","href":"https:\/\/api.w.org\/{rel}","templated":true}]}}