{"id":122676,"date":"2022-07-30T13:24:54","date_gmt":"2022-07-30T11:24:54","guid":{"rendered":"https:\/\/radiostargjilan.com\/web\/?p=122676"},"modified":"2022-07-30T13:24:54","modified_gmt":"2022-07-30T11:24:54","slug":"gazetaret-e-pakte-belge-vlerseuan-larte-kosoven","status":"publish","type":"post","link":"https:\/\/radiostargjilan.com\/web\/gazetaret-e-pakte-belge-vlerseuan-larte-kosoven\/","title":{"rendered":"Gazetar\u00ebt e pakt\u00eb belg\u00eb vlers\u00ebuan lart\u00eb Kosov\u00ebn"},"content":{"rendered":"<p>Shkruan: Fehmi SYLEJMANI<\/p>\n<p>Disa gazetar\u00eb t\u00eb pakt\u00eb belg\u00eb dhe disa dashamir\u00eb t\u00eb futbollit t\u00eb Antwepenit kan\u00eb q\u00ebndruar edhe nj\u00eb dit\u00eb m\u00eb tep\u00ebr n\u00eb Kosov\u00eb, pas ndeshes Drita-Antwrp, duke u mahnitur n\u00eb radh\u00eb t\u00eb par\u00eb me atmosfer\u00ebn e ndeshjes n\u00eb stadium, loj\u00ebn dhe mbi gjitha me mi\u00ebkpritjen, fisnik\u00ebrin\u00eb, sjelljen dhe zem\u00ebrgj\u00ebrisn\u00eb e bujarin\u00eb e qytetar\u00ebve kosovar.<\/p>\n<p>Sipas tyre, e q\u00eb p\u00ebr her\u00eb t\u00eb par\u00eb kishin udh\u00ebtuar n\u00eb Kosov\u00eb, kan\u00eb pasur fare pak njohuri p\u00ebr Kosov\u00ebn, mi\u00ebpo edhe pse p\u00ebr aq koh\u00eb t\u00eb shkrut\u00ebr sa kan\u00eb q\u00ebndruar n\u00eb Kosov\u00eb, kan\u00eb fituar nj\u00eb p\u00ebrshtypje jasht\u00ebzakonisht t\u00eb mir\u00eb dhe mbres\u00ebl\u00ebn\u00ebse.<\/p>\n<p>\u201cIsh nj\u00eb popull tep\u00ebr i mir\u00eb dhe n\u00eb cdo vend kishin respekt p\u00ebr neve\u201d, jan\u00eb shprehur nd\u00ebr t\u00eb tjera k\u00ebta gazetar\u00eb, e nj\u00ebri prej tyre shkoi edhe m\u00eb larg, duke th\u00ebn\u00eb se tash nj\u00eb nj\u00ebr\u00ebn an\u00eb t\u00eb zem\u00ebr\u00ebs e kam Belgjik\u00ebn, kurse n\u00eb an\u00ebn tjet\u00ebr Kosov\u00ebn. Pik\u00ebrisht p\u00ebr k\u00ebt\u00eb p\u00ebrshtypje t\u00eb mir\u00eb p\u00ebr Kosov\u00ebn, k\u00ebta miq belg\u00eb, kan\u00eb obliguar ish futbollistin e Drit\u00ebs dhe Gjilanit, Agron Kransiqin, me kthyerjen e tij n\u00eb Belgjik\u00eb t\u2019ua sjell\u00eb flamurin e Kosov\u00ebs, p\u00ebr ta vendosur n\u00eb stadiumin \u201cArena Bosuil\u201d t\u00eb skuadr\u00ebs Antwrp t\u00eb Antwrpenit.<\/p>\n<p>Po ashtu, sipas tyre edhe skuadra e Drit\u00ebs, ju ka l\u00ebn\u00eb p\u00ebrshtypje t\u00eb mir\u00eb me dy paraqitjet e saja, duke d\u00ebshmuar nivel t\u00eb lart\u00eb t\u00eb futbollit.<\/p>\n<p>Th\u00ebn\u00eb realisht, skuadra jon\u00eb nuk e ka pritur k\u00ebt\u00eb sfid\u00eb kaq t\u00eb v\u00ebshtir\u00eb, duke menduar se shum\u00eb leht\u00eb do ta kalojn\u00eb skuadr\u00ebn gjilanase. Mir\u00ebpo pas ndeshjes s\u00eb par\u00eb kan\u00eb v\u00ebrejt\u00eb, se kalimi n\u00eb raundin e tret\u00eb nuk do t\u00eb jet\u00eb bash aq i kollajsh\u00ebm, jan\u00eb mobilizuar dhe e kan\u00eb marr\u00eb shum\u00eb seriozisht k\u00ebt\u00eb takim.<\/p>\n<p>N\u00eb an\u00ebn tjet\u00ebr, k\u00ebta miq t\u00eb shypit belg\u00eb, kan\u00eb b\u00ebr\u00eb t\u00eb ditur, se nuk kan\u00eb qen\u00eb dy ndeshje, q\u00eb kan\u00eb p\u00ebrckatuar kalimin e Arbnor Muj\u00ebs n\u00eb gjiganitn belg\u00eb, por ky lojtar\u00eb sipas tyre, ka qen\u00eb n\u00ebn llup\u00ebn e k\u00ebsja skuadre edhe m\u00eb par\u00eb.<\/p>\n<p>Nd\u00ebrkaq, shtypi belg\u00eb ka vler\u00ebsuar lart\u00eb p\u00ebrformanc\u00ebn e lojtarit tash m\u00eb t\u00eb ri t\u00eb Koso\u00ebv\u00ebs, Laurit Krasniqi, jo vet\u00ebm t\u00eb sh\u00ebnimit t\u00eb golit t\u00eb par\u00eb, por edhe n\u00eb shum\u00eb apekte.<\/p>\n<p>Dhe krjet n\u00eb fund, pak para kthimit p\u00ebr n\u00eb Belgjkik\u00eb, ky grup gazetar\u00ebsh dhe dashamir\u00ebsh futbolli jan\u00eb interesuar m\u00eb tep\u00ebr p\u00ebr qytetin e Gjilaninit, duke<\/p>\n<p>vizituar stadiumin e k\u00ebtij qyteti, n\u00eb m\u00ebnyr\u00eb q\u00eb m\u00eb pas t\u00eb b\u00ebjn\u00eb nj\u00eb reportazh p\u00ebr dy klubet, Driten dhe Gjilanin, se si \u00ebsht\u00eb e mundur nga nj\u00eb qytet modest, me jo shum\u00eb banor\u00eb, t\u00eb ket\u00eb dy ekipe kaq t\u00eb forta, t\u00eb cilat marrin pjes\u00eb n\u00eb garat evropiane.<\/p>\n","protected":false},"excerpt":{"rendered":"<p>Shkruan: Fehmi SYLEJMANI Disa gazetar\u00eb t\u00eb pakt\u00eb belg\u00eb dhe disa dashamir\u00eb t\u00eb futbollit t\u00eb Antwepenit kan\u00eb q\u00ebndruar edhe nj\u00eb dit\u00eb m\u00eb tep\u00ebr n\u00eb Kosov\u00eb, pas ndeshes Drita-Antwrp, duke u mahnitur n\u00eb radh\u00eb t\u00eb par\u00eb me atmosfer\u00ebn e ndeshjes n\u00eb stadium, loj\u00ebn dhe mbi gjitha me mi\u00ebkpritjen, fisnik\u00ebrin\u00eb, sjelljen dhe zem\u00ebrgj\u00ebrisn\u00eb e bujarin\u00eb e qytetar\u00ebve kosovar. [&hellip;]<\/p>\n","protected":false},"author":1,"featured_media":122677,"comment_status":"closed","ping_status":"closed","sticky":false,"template":"","format":"standard","meta":{"footnotes":""},"categories":[5],"tags":[],"class_list":{"0":"post-122676","1":"post","2":"type-post","3":"status-publish","4":"format-standard","5":"has-post-thumbnail","7":"category-lajme"},"_links":{"self":[{"href":"https:\/\/radiostargjilan.com\/web\/wp-json\/wp\/v2\/posts\/122676","targetHints":{"allow":["GET"]}}],"collection":[{"href":"https:\/\/radiostargjilan.com\/web\/wp-json\/wp\/v2\/posts"}],"about":[{"href":"https:\/\/radiostargjilan.com\/web\/wp-json\/wp\/v2\/types\/post"}],"author":[{"embeddable":true,"href":"https:\/\/radiostargjilan.com\/web\/wp-json\/wp\/v2\/users\/1"}],"replies":[{"embeddable":true,"href":"https:\/\/radiostargjilan.com\/web\/wp-json\/wp\/v2\/comments?post=122676"}],"version-history":[{"count":0,"href":"https:\/\/radiostargjilan.com\/web\/wp-json\/wp\/v2\/posts\/122676\/revisions"}],"wp:featuredmedia":[{"embeddable":true,"href":"https:\/\/radiostargjilan.com\/web\/wp-json\/wp\/v2\/media\/122677"}],"wp:attachment":[{"href":"https:\/\/radiostargjilan.com\/web\/wp-json\/wp\/v2\/media?parent=122676"}],"wp:term":[{"taxonomy":"category","embeddable":true,"href":"https:\/\/radiostargjilan.com\/web\/wp-json\/wp\/v2\/categories?post=122676"},{"taxonomy":"post_tag","embeddable":true,"href":"https:\/\/radiostargjilan.com\/web\/wp-json\/wp\/v2\/tags?post=122676"}],"curies":[{"name":"wp","href":"https:\/\/api.w.org\/{rel}","templated":true}]}}