{"id":123228,"date":"2022-08-05T18:51:20","date_gmt":"2022-08-05T16:51:20","guid":{"rendered":"https:\/\/radiostargjilan.com\/web\/?p=123228"},"modified":"2022-08-05T18:51:20","modified_gmt":"2022-08-05T16:51:20","slug":"e-konfirmon-edhe-fc-drita-arbnor-muja-eshte-lojtar-i-royal-antwerp-fc","status":"publish","type":"post","link":"https:\/\/radiostargjilan.com\/web\/e-konfirmon-edhe-fc-drita-arbnor-muja-eshte-lojtar-i-royal-antwerp-fc\/","title":{"rendered":"E konfirmon edhe FC Drita: Arbnor Muja \u00ebsht\u00eb lojtar i Royal Antwerp FC"},"content":{"rendered":"<p>Arbnor Muja edhe zyrtarisht lojtar\u00eb i Royal Antwerp FC<\/p>\n<p>Sot, lojtari yn\u00eb i deritanish\u00ebm Arbnor Muja ka hedhur t\u00eb zez\u00ebn mbi t\u00eb bardh\u00eb p\u00ebr tu zyrtarizuar si lojtari m\u00eb i ri i ekipit t\u00eb famsh\u00ebm belg Royal Antwer FC.<\/p>\n<p>T\u00eb pranish\u00ebm n\u00eb ceremonin e n\u00ebnshkrimit t\u00eb kontrat\u00ebs ishin edhe zyrtar\u00ebt e klubit ton\u00eb si presidenti z. Valon Murseli dhe manaxheri i klubit z. Jetmir Salihu gjithashtu edhe prindi Arbnorit z. Naser Muja.<\/p>\n<p>Muja n\u00ebnshkroi kontrat\u00eb tre vjeqare me mund\u00ebsi vazhdimi edhe p\u00ebr nj\u00eb vit tjet\u00ebr me ekipin belg.<\/p>\n<p>Klubi jon\u00eb FC DRITA \u00ebsht\u00eb shum\u00eb krenar\u00eb p\u00ebr marr\u00ebveshjen e arritur n\u00eb mes t\u00eb dy klubeve dhe thellimin e bashk\u00ebpunimit n\u00eb t\u00eb ardhmen, gjithashtu Arbnorit i deshirojm\u00eb fat dhe sh\u00ebndet n\u00eb karrier\u00ebn e ndritur q\u00eb do ta ket\u00eb para vet\u00ebs.<\/p>\n<p>Arbnor Muja &#8211; \u201cKrenaria e Superlig\u00ebs\u201d<\/p>\n<p>FC DRITA\u2b1c\ufe0f\ud83d\udfe6<\/p>\n","protected":false},"excerpt":{"rendered":"<p>Arbnor Muja edhe zyrtarisht lojtar\u00eb i Royal Antwerp FC Sot, lojtari yn\u00eb i deritanish\u00ebm Arbnor Muja ka hedhur t\u00eb zez\u00ebn mbi t\u00eb bardh\u00eb p\u00ebr tu zyrtarizuar si lojtari m\u00eb i ri i ekipit t\u00eb famsh\u00ebm belg Royal Antwer FC. T\u00eb pranish\u00ebm n\u00eb ceremonin e n\u00ebnshkrimit t\u00eb kontrat\u00ebs ishin edhe zyrtar\u00ebt e klubit ton\u00eb si presidenti [&hellip;]<\/p>\n","protected":false},"author":1,"featured_media":123229,"comment_status":"closed","ping_status":"closed","sticky":false,"template":"","format":"standard","meta":{"footnotes":""},"categories":[7],"tags":[],"class_list":{"0":"post-123228","1":"post","2":"type-post","3":"status-publish","4":"format-standard","5":"has-post-thumbnail","7":"category-sports"},"_links":{"self":[{"href":"https:\/\/radiostargjilan.com\/web\/wp-json\/wp\/v2\/posts\/123228","targetHints":{"allow":["GET"]}}],"collection":[{"href":"https:\/\/radiostargjilan.com\/web\/wp-json\/wp\/v2\/posts"}],"about":[{"href":"https:\/\/radiostargjilan.com\/web\/wp-json\/wp\/v2\/types\/post"}],"author":[{"embeddable":true,"href":"https:\/\/radiostargjilan.com\/web\/wp-json\/wp\/v2\/users\/1"}],"replies":[{"embeddable":true,"href":"https:\/\/radiostargjilan.com\/web\/wp-json\/wp\/v2\/comments?post=123228"}],"version-history":[{"count":0,"href":"https:\/\/radiostargjilan.com\/web\/wp-json\/wp\/v2\/posts\/123228\/revisions"}],"wp:featuredmedia":[{"embeddable":true,"href":"https:\/\/radiostargjilan.com\/web\/wp-json\/wp\/v2\/media\/123229"}],"wp:attachment":[{"href":"https:\/\/radiostargjilan.com\/web\/wp-json\/wp\/v2\/media?parent=123228"}],"wp:term":[{"taxonomy":"category","embeddable":true,"href":"https:\/\/radiostargjilan.com\/web\/wp-json\/wp\/v2\/categories?post=123228"},{"taxonomy":"post_tag","embeddable":true,"href":"https:\/\/radiostargjilan.com\/web\/wp-json\/wp\/v2\/tags?post=123228"}],"curies":[{"name":"wp","href":"https:\/\/api.w.org\/{rel}","templated":true}]}}