{"id":123251,"date":"2022-08-05T23:26:15","date_gmt":"2022-08-05T21:26:15","guid":{"rendered":"https:\/\/radiostargjilan.com\/web\/?p=123251"},"modified":"2022-08-05T23:26:15","modified_gmt":"2022-08-05T21:26:15","slug":"escobar-asociacioni-nuk-duhet-te-jete-shtet-brenda-shtetit","status":"publish","type":"post","link":"https:\/\/radiostargjilan.com\/web\/escobar-asociacioni-nuk-duhet-te-jete-shtet-brenda-shtetit\/","title":{"rendered":"Escobar: Asociacioni nuk duhet t\u00eb jet\u00eb shtet brenda shtetit"},"content":{"rendered":"<p>I d\u00ebrguari i Posa\u00e7\u00ebm i Shteteve t\u00eb Bashkuara p\u00ebr Ballkanin Per\u00ebndimor, Gabriel Escobar, tha se krijimi i Asociacionit t\u00eb komunave me shumic\u00eb serbe nuk duhet t\u00eb jet\u00eb n\u00eb kund\u00ebrshtim me Kushtetut\u00ebn e Kosov\u00ebs, dhe t\u00eb krijoj\u00eb \u201cshtet brenda shtetit\u201d.<\/p>\n<p>Gjat\u00eb nj\u00eb bashk\u00ebbisedimi me gazetar\u00ebt, Escobar tha se q\u00ebndrimi i SHBA-s\u00eb \u00ebsht\u00eb q\u00eb t\u00eb zbatohen t\u00eb gjitha marr\u00ebveshjet e arritura n\u00eb kuad\u00ebr t\u00eb dialogut Kosov\u00eb-Serbi, por tha se duhet t\u00eb ket\u00eb diskutim p\u00ebr \u00e7\u00ebshtjen e Asociacionit, q\u00eb t\u00eb mos bie ndesh me ligjet.<\/p>\n<p>Gjat\u00eb k\u00ebtij diskutimi ai foli edhe p\u00ebr situat\u00ebn n\u00eb rajon dhe p\u00ebrs\u00ebriti q\u00ebndrimin se &#8220;nuk do t\u00eb ket\u00eb luft\u00eb n\u00eb Bosnj\u00eb e Hercegovin\u00eb&#8221;.<\/p>\n<p>&#8220;Ne kemi qen\u00eb t\u00eb qart\u00eb se pal\u00ebt jan\u00eb pajtuar m\u00eb her\u00ebt p\u00ebr Asociacionin, prandaj duhet t\u00eb diskutohet. Megjithat\u00eb, Asociacioni nuk duhet t\u00eb nd\u00ebrhyj\u00eb, nuk duhet t\u00eb bie n\u00eb kund\u00ebrshtim me Kushtetut\u00ebn e Kosov\u00ebs, nuk duhet t\u00eb krijoj\u00eb probleme n\u00eb funksionalitetin e Kosov\u00ebs dhe nuk duhet t\u00eb jet\u00eb shtet brenda nj\u00eb shteti&#8221;, deklaroi ai.<\/p>\n","protected":false},"excerpt":{"rendered":"<p>I d\u00ebrguari i Posa\u00e7\u00ebm i Shteteve t\u00eb Bashkuara p\u00ebr Ballkanin Per\u00ebndimor, Gabriel Escobar, tha se krijimi i Asociacionit t\u00eb komunave me shumic\u00eb serbe nuk duhet t\u00eb jet\u00eb n\u00eb kund\u00ebrshtim me Kushtetut\u00ebn e Kosov\u00ebs, dhe t\u00eb krijoj\u00eb \u201cshtet brenda shtetit\u201d. Gjat\u00eb nj\u00eb bashk\u00ebbisedimi me gazetar\u00ebt, Escobar tha se q\u00ebndrimi i SHBA-s\u00eb \u00ebsht\u00eb q\u00eb t\u00eb zbatohen t\u00eb [&hellip;]<\/p>\n","protected":false},"author":1,"featured_media":123252,"comment_status":"closed","ping_status":"closed","sticky":false,"template":"","format":"standard","meta":{"footnotes":""},"categories":[5],"tags":[],"class_list":{"0":"post-123251","1":"post","2":"type-post","3":"status-publish","4":"format-standard","5":"has-post-thumbnail","7":"category-lajme"},"_links":{"self":[{"href":"https:\/\/radiostargjilan.com\/web\/wp-json\/wp\/v2\/posts\/123251","targetHints":{"allow":["GET"]}}],"collection":[{"href":"https:\/\/radiostargjilan.com\/web\/wp-json\/wp\/v2\/posts"}],"about":[{"href":"https:\/\/radiostargjilan.com\/web\/wp-json\/wp\/v2\/types\/post"}],"author":[{"embeddable":true,"href":"https:\/\/radiostargjilan.com\/web\/wp-json\/wp\/v2\/users\/1"}],"replies":[{"embeddable":true,"href":"https:\/\/radiostargjilan.com\/web\/wp-json\/wp\/v2\/comments?post=123251"}],"version-history":[{"count":0,"href":"https:\/\/radiostargjilan.com\/web\/wp-json\/wp\/v2\/posts\/123251\/revisions"}],"wp:featuredmedia":[{"embeddable":true,"href":"https:\/\/radiostargjilan.com\/web\/wp-json\/wp\/v2\/media\/123252"}],"wp:attachment":[{"href":"https:\/\/radiostargjilan.com\/web\/wp-json\/wp\/v2\/media?parent=123251"}],"wp:term":[{"taxonomy":"category","embeddable":true,"href":"https:\/\/radiostargjilan.com\/web\/wp-json\/wp\/v2\/categories?post=123251"},{"taxonomy":"post_tag","embeddable":true,"href":"https:\/\/radiostargjilan.com\/web\/wp-json\/wp\/v2\/tags?post=123251"}],"curies":[{"name":"wp","href":"https:\/\/api.w.org\/{rel}","templated":true}]}}