{"id":123265,"date":"2022-08-06T09:25:19","date_gmt":"2022-08-06T07:25:19","guid":{"rendered":"https:\/\/radiostargjilan.com\/web\/?p=123265"},"modified":"2022-08-06T09:37:48","modified_gmt":"2022-08-06T07:37:48","slug":"borrell-tregon-se-takimi-i-kurtit-dhe-vuciqin-ne-bruksel-do-te-jete-me-18-gusht","status":"publish","type":"post","link":"https:\/\/radiostargjilan.com\/web\/borrell-tregon-se-takimi-i-kurtit-dhe-vuciqin-ne-bruksel-do-te-jete-me-18-gusht\/","title":{"rendered":"Borrell tregon se takimi i Kurtit dhe Vu\u00e7iqin n\u00eb Bruksel, do t\u00eb jet\u00eb me 18 gusht"},"content":{"rendered":"<p>P\u00ebrfaq\u00ebsuesi i Lart\u00eb i Bashkimit Evropian p\u00ebr Marr\u00ebdh\u00ebniet e Jashtme dhe Politikat e Siguris\u00eb, Josep Borrell, ka njoftuar se ka ftuar kryeministrin e Kosov\u00ebs, Albin Kurtin dhe presidentin e Serbis\u00eb, Aleksandar Vu\u00e7iq.<\/p>\n<p>Borrell ka b\u00ebr\u00eb t\u00eb ditur se takimi do t\u00eb mbahet m\u00eb 18 gusht n\u00eb Bruksel.<\/p>\n<p>\u201cKam ftuar presidentin e Serbis\u00eb, Aleksandar Vu\u00e7iq dhe kryeministrin e Kosov\u00ebs, Albin Kurtin, m\u00eb 18 gusht n\u00eb Bruksel, p\u00ebr t\u00eb diskutuar rrug\u00ebn p\u00ebrpara nd\u00ebrmjet Prishtin\u00ebs dhe Beogradit\u201d, ka shkruar Borrell.<\/p>\n<p>Takimi vjen pas tensioneve q\u00eb u ngrit\u00ebn n\u00eb veri t\u00eb vendit, pasi qeveria e Kosov\u00ebs vendosi reciprocitet p\u00ebr targat dhe dokumentet serbe.<\/p>\n<p>Serb\u00ebt lokal\u00eb vendos\u00ebn barrikada dhe bllokuan rrug\u00ebt q\u00eb \u00e7onin n\u00eb dy pikat kufitare me Serbin\u00eb, Jarinj\u00eb dhe B\u00ebrnjak.<\/p>\n<p>Pas k\u00ebrkes\u00ebs s\u00eb ambasadorit amerikan, Jeff Hovenier, reciprociteti u shty p\u00ebr nj\u00eb muaj nga ana e ekzekutivit, kur edhe u hoq\u00ebn t\u00eb gjitha barrikadat nga serb\u00ebt lokal\u00eb.<\/p>\n","protected":false},"excerpt":{"rendered":"<p>P\u00ebrfaq\u00ebsuesi i Lart\u00eb i Bashkimit Evropian p\u00ebr Marr\u00ebdh\u00ebniet e Jashtme dhe Politikat e Siguris\u00eb, Josep Borrell, ka njoftuar se ka ftuar kryeministrin e Kosov\u00ebs, Albin Kurtin dhe presidentin e Serbis\u00eb, Aleksandar Vu\u00e7iq. Borrell ka b\u00ebr\u00eb t\u00eb ditur se takimi do t\u00eb mbahet m\u00eb 18 gusht n\u00eb Bruksel. \u201cKam ftuar presidentin e Serbis\u00eb, Aleksandar Vu\u00e7iq dhe [&hellip;]<\/p>\n","protected":false},"author":1,"featured_media":123116,"comment_status":"closed","ping_status":"closed","sticky":false,"template":"","format":"standard","meta":{"footnotes":""},"categories":[5],"tags":[],"class_list":{"0":"post-123265","1":"post","2":"type-post","3":"status-publish","4":"format-standard","5":"has-post-thumbnail","7":"category-lajme"},"_links":{"self":[{"href":"https:\/\/radiostargjilan.com\/web\/wp-json\/wp\/v2\/posts\/123265","targetHints":{"allow":["GET"]}}],"collection":[{"href":"https:\/\/radiostargjilan.com\/web\/wp-json\/wp\/v2\/posts"}],"about":[{"href":"https:\/\/radiostargjilan.com\/web\/wp-json\/wp\/v2\/types\/post"}],"author":[{"embeddable":true,"href":"https:\/\/radiostargjilan.com\/web\/wp-json\/wp\/v2\/users\/1"}],"replies":[{"embeddable":true,"href":"https:\/\/radiostargjilan.com\/web\/wp-json\/wp\/v2\/comments?post=123265"}],"version-history":[{"count":0,"href":"https:\/\/radiostargjilan.com\/web\/wp-json\/wp\/v2\/posts\/123265\/revisions"}],"wp:featuredmedia":[{"embeddable":true,"href":"https:\/\/radiostargjilan.com\/web\/wp-json\/wp\/v2\/media\/123116"}],"wp:attachment":[{"href":"https:\/\/radiostargjilan.com\/web\/wp-json\/wp\/v2\/media?parent=123265"}],"wp:term":[{"taxonomy":"category","embeddable":true,"href":"https:\/\/radiostargjilan.com\/web\/wp-json\/wp\/v2\/categories?post=123265"},{"taxonomy":"post_tag","embeddable":true,"href":"https:\/\/radiostargjilan.com\/web\/wp-json\/wp\/v2\/tags?post=123265"}],"curies":[{"name":"wp","href":"https:\/\/api.w.org\/{rel}","templated":true}]}}