{"id":123270,"date":"2022-08-06T11:43:28","date_gmt":"2022-08-06T09:43:28","guid":{"rendered":"https:\/\/radiostargjilan.com\/web\/?p=123270"},"modified":"2022-08-06T11:43:28","modified_gmt":"2022-08-06T09:43:28","slug":"zhduket-nje-tetevjecar-ne-pishinen-e-germise","status":"publish","type":"post","link":"https:\/\/radiostargjilan.com\/web\/zhduket-nje-tetevjecar-ne-pishinen-e-germise\/","title":{"rendered":"Zhduket nj\u00eb tet\u00ebvje\u00e7ar n\u00eb pishin\u00ebn e G\u00ebrmis\u00eb"},"content":{"rendered":"<p>Nj\u00eb grua ka raportuar n\u00eb polici, se perderisa ishte n\u00eb pishin\u00ebn e G\u00ebrmis\u00eb, djali i saj tet\u00ebvje\u00e7ar \u00ebsht\u00eb zhdukur.<\/p>\n<p>Rasti ka ndodhur m\u00eb 4 gusht, transmeton Klankosova.tv.<\/p>\n<p>\u201cRr. Shp\u00ebtim Rrobaj, Prishtin\u00eb 04.08.2022 \u2013 16:00. Nj\u00eb fem\u00ebr kosovare, ka raportuar se p\u00ebrderisa ishte n\u00eb pishin\u00ebn e G\u00ebrmis\u00eb me djalin e saj\u00eb 8 vje\u00e7ar, ai \u00ebsht\u00eb larguar dhe nuk \u00ebsht\u00eb kthyer m\u00eb dhe nuk ka njohuri  p\u00ebr vendndodhjen e tij\u201d, \u201d, thuhet n\u00eb raportin 24 or\u00ebsh t\u00eb policis\u00eb.<\/p>\n<p>Lidhur me rastin \u00ebsht\u00eb njoftuar prokurori, rasti vazhdon t\u00eb hetohet\u201d.<\/p>\n","protected":false},"excerpt":{"rendered":"<p>Nj\u00eb grua ka raportuar n\u00eb polici, se perderisa ishte n\u00eb pishin\u00ebn e G\u00ebrmis\u00eb, djali i saj tet\u00ebvje\u00e7ar \u00ebsht\u00eb zhdukur. Rasti ka ndodhur m\u00eb 4 gusht, transmeton Klankosova.tv. \u201cRr. Shp\u00ebtim Rrobaj, Prishtin\u00eb 04.08.2022 \u2013 16:00. Nj\u00eb fem\u00ebr kosovare, ka raportuar se p\u00ebrderisa ishte n\u00eb pishin\u00ebn e G\u00ebrmis\u00eb me djalin e saj\u00eb 8 vje\u00e7ar, ai \u00ebsht\u00eb larguar [&hellip;]<\/p>\n","protected":false},"author":1,"featured_media":123271,"comment_status":"closed","ping_status":"closed","sticky":false,"template":"","format":"standard","meta":{"footnotes":""},"categories":[5],"tags":[],"class_list":{"0":"post-123270","1":"post","2":"type-post","3":"status-publish","4":"format-standard","5":"has-post-thumbnail","7":"category-lajme"},"_links":{"self":[{"href":"https:\/\/radiostargjilan.com\/web\/wp-json\/wp\/v2\/posts\/123270","targetHints":{"allow":["GET"]}}],"collection":[{"href":"https:\/\/radiostargjilan.com\/web\/wp-json\/wp\/v2\/posts"}],"about":[{"href":"https:\/\/radiostargjilan.com\/web\/wp-json\/wp\/v2\/types\/post"}],"author":[{"embeddable":true,"href":"https:\/\/radiostargjilan.com\/web\/wp-json\/wp\/v2\/users\/1"}],"replies":[{"embeddable":true,"href":"https:\/\/radiostargjilan.com\/web\/wp-json\/wp\/v2\/comments?post=123270"}],"version-history":[{"count":0,"href":"https:\/\/radiostargjilan.com\/web\/wp-json\/wp\/v2\/posts\/123270\/revisions"}],"wp:featuredmedia":[{"embeddable":true,"href":"https:\/\/radiostargjilan.com\/web\/wp-json\/wp\/v2\/media\/123271"}],"wp:attachment":[{"href":"https:\/\/radiostargjilan.com\/web\/wp-json\/wp\/v2\/media?parent=123270"}],"wp:term":[{"taxonomy":"category","embeddable":true,"href":"https:\/\/radiostargjilan.com\/web\/wp-json\/wp\/v2\/categories?post=123270"},{"taxonomy":"post_tag","embeddable":true,"href":"https:\/\/radiostargjilan.com\/web\/wp-json\/wp\/v2\/tags?post=123270"}],"curies":[{"name":"wp","href":"https:\/\/api.w.org\/{rel}","templated":true}]}}