{"id":123273,"date":"2022-08-06T11:51:38","date_gmt":"2022-08-06T09:51:38","guid":{"rendered":"https:\/\/radiostargjilan.com\/web\/?p=123273"},"modified":"2022-08-06T11:51:38","modified_gmt":"2022-08-06T09:51:38","slug":"kuvendi-i-kosoves-shkoi-ne-pushim-me-shume-pune-te-pa-kryera","status":"publish","type":"post","link":"https:\/\/radiostargjilan.com\/web\/kuvendi-i-kosoves-shkoi-ne-pushim-me-shume-pune-te-pa-kryera\/","title":{"rendered":"Kuvendi i Kosov\u00ebs shkoi n\u00eb pushim, me shum\u00eb pun\u00eb t\u00eb pa kryera"},"content":{"rendered":"<p>Monitorues t\u00eb pun\u00ebs s\u00eb Kuvendit thon\u00eb se legjislativi nuk e ka p\u00ebrmbushur mjaftuesh\u00ebm agjend\u00ebn e parapar\u00eb.<\/p>\n<p>Deputet\u00ebt kan\u00eb shkuar n\u00eb pushime p\u00ebr t&#8217;u rikthyer n\u00eb vjesht\u00eb n\u00eb sesionin tjet\u00ebr. Por nga monitorues t\u00eb pun\u00ebs s\u00eb Kuvendit dhe analist\u00eb, puna e Kuvendit po cil\u00ebsohet se nuk \u00ebsht\u00eb p\u00ebrmbushur me efikasitet.<\/p>\n<p>Me nj\u00eb seanc\u00eb maratonike, legjislatura e tet\u00eb e Kuvendit t\u00eb Kosov\u00ebs ka p\u00ebrmbyllur sesionin pranveror, gjat\u00eb t\u00eb cil\u00ebs u miratuan dhjet\u00ebra projektligje.<\/p>\n<p>Monitoruesit e pun\u00ebs s\u00eb Kuvendit megjithat\u00eb thon\u00eb se legjislativi nuk e ka p\u00ebrmbushur mjaftuesh\u00ebm agjend\u00ebn e parapar\u00eb dhe nuk ka treguar efikasitet t\u00eb theksuar.<\/p>\n<p> \u201cDuke p\u00ebrjashtuar seanc\u00ebn e fundit q\u00eb p\u00ebrfundoi jan\u00eb gjithsej 77% e p\u00ebrmbushjes, p\u00ebrkat\u00ebsisht 77% e ligjeve q\u00eb i ka pas n\u00eb pun\u00eb Kuvendi i Republik\u00ebs s\u00eb Kosov\u00ebs kan\u00eb vendosur p\u00ebr t\u00eb nj\u00ebjtat, mir\u00ebpo problematik n\u00eb k\u00ebt\u00eb rast q\u00ebndron edhe mosefikasiteti i qeveris\u00eb q\u00eb m\u00eb pas reflektohet n\u00eb pun\u00ebn e kuvendit t\u00eb Kosov\u00ebs. n\u00ebse shohim agjend\u00ebn e p\u00ebrgjithshme t\u00eb Qeveris\u00eb s\u00eb Republik\u00ebs s\u00eb Kosov\u00ebs p\u00ebr k\u00ebt\u00eb vit, dhe n\u00ebse e krahasojm\u00eb at\u00eb agjend\u00eb legjislative me numrin se sa jan\u00eb miratuar ligje n\u00eb shqyrtim t\u00eb dyt\u00eb, i bie q\u00eb kjo agjend\u00eb legjislative \u00ebsht\u00eb zbatuar vet\u00ebm 11% nga ana e qeveris\u00eb s\u00eb Kosov\u00ebs\u201d , tha G\u00ebzim Shala, nga  Institutin e Kosov\u00ebs p\u00ebr Drejt\u00ebsi.<\/p>\n<p>Kritik p\u00ebr k\u00ebt\u00eb legjislatur\u00eb \u00ebsht\u00eb shprehur edhe analisti, Artan Muhaxhiri.<\/p>\n<p>\u201cN\u00eb p\u00ebrgjith\u00ebsi \u00ebsht\u00eb prit m\u00eb shum\u00eb p\u00ebr shkak t\u00eb vet konstolacionit t\u00eb Kuvendit t\u00eb Kosov\u00ebs, por ajo q\u00eb bie n\u00eb sy m\u00eb s\u00eb shumti \u00ebsht\u00eb mungesa e kuorumit q\u00eb \u00ebsht\u00eb nj\u00eb munges\u00eb e moralit politik sepse deputet\u00ebt paguhen nga qytetar\u00ebt e Kosov\u00ebs p\u00ebr t\u00eb punuar dhe kjo munges\u00eb e shpesht\u00eb e kuorumit l\u00eb nj\u00eb shije shum\u00eb t\u00eb hidhur p\u00ebr vullnetin e tyre q\u00eb t\u00eb kontribuojn\u00eb dhe p\u00ebr iden\u00eb e tyre t\u00eb p\u00ebrgjithshme p\u00ebr rolin q\u00eb e kan\u00eb n\u00eb Kuvend. pra, \u00ebsht\u00eb e patolerueshme dhe mendoj se do t\u00eb duhej q\u00eb t\u00eb punojn\u00eb shum\u00eb n\u00eb t\u00eb ardhmen q\u00eb kjo t\u00eb mos ndodh\u201d, tha analisti Muhaxhiri.<\/p>\n<p>Sipas projektit \u201cVota ime\u201d q\u00eb monitoron pun\u00ebn e Kuvendit,  gjat\u00eb sesionit pranveror Kuvendi i Kosov\u00ebs ka mbajtur 33 seanca plenare, prej tyre, nga gjasht\u00eb jan\u00eb mbajtur n\u00eb mars dhe korrik. Nd\u00ebrsa, sa i p\u00ebrket p\u00ebrmbushjes s\u00eb agjend\u00ebs legjislative, n\u00eb k\u00ebt\u00eb sesion Kuvendi ka miratuar 58 ligje nga 115, derisa n\u00eb pritje jan\u00eb edhe 57 t\u00eb tjera.\/Rtklive\/<\/p>\n","protected":false},"excerpt":{"rendered":"<p>Monitorues t\u00eb pun\u00ebs s\u00eb Kuvendit thon\u00eb se legjislativi nuk e ka p\u00ebrmbushur mjaftuesh\u00ebm agjend\u00ebn e parapar\u00eb. Deputet\u00ebt kan\u00eb shkuar n\u00eb pushime p\u00ebr t&#8217;u rikthyer n\u00eb vjesht\u00eb n\u00eb sesionin tjet\u00ebr. Por nga monitorues t\u00eb pun\u00ebs s\u00eb Kuvendit dhe analist\u00eb, puna e Kuvendit po cil\u00ebsohet se nuk \u00ebsht\u00eb p\u00ebrmbushur me efikasitet. Me nj\u00eb seanc\u00eb maratonike, legjislatura e [&hellip;]<\/p>\n","protected":false},"author":1,"featured_media":123113,"comment_status":"closed","ping_status":"closed","sticky":false,"template":"","format":"standard","meta":{"footnotes":""},"categories":[5],"tags":[],"class_list":{"0":"post-123273","1":"post","2":"type-post","3":"status-publish","4":"format-standard","5":"has-post-thumbnail","7":"category-lajme"},"_links":{"self":[{"href":"https:\/\/radiostargjilan.com\/web\/wp-json\/wp\/v2\/posts\/123273","targetHints":{"allow":["GET"]}}],"collection":[{"href":"https:\/\/radiostargjilan.com\/web\/wp-json\/wp\/v2\/posts"}],"about":[{"href":"https:\/\/radiostargjilan.com\/web\/wp-json\/wp\/v2\/types\/post"}],"author":[{"embeddable":true,"href":"https:\/\/radiostargjilan.com\/web\/wp-json\/wp\/v2\/users\/1"}],"replies":[{"embeddable":true,"href":"https:\/\/radiostargjilan.com\/web\/wp-json\/wp\/v2\/comments?post=123273"}],"version-history":[{"count":0,"href":"https:\/\/radiostargjilan.com\/web\/wp-json\/wp\/v2\/posts\/123273\/revisions"}],"wp:featuredmedia":[{"embeddable":true,"href":"https:\/\/radiostargjilan.com\/web\/wp-json\/wp\/v2\/media\/123113"}],"wp:attachment":[{"href":"https:\/\/radiostargjilan.com\/web\/wp-json\/wp\/v2\/media?parent=123273"}],"wp:term":[{"taxonomy":"category","embeddable":true,"href":"https:\/\/radiostargjilan.com\/web\/wp-json\/wp\/v2\/categories?post=123273"},{"taxonomy":"post_tag","embeddable":true,"href":"https:\/\/radiostargjilan.com\/web\/wp-json\/wp\/v2\/tags?post=123273"}],"curies":[{"name":"wp","href":"https:\/\/api.w.org\/{rel}","templated":true}]}}