{"id":123712,"date":"2022-08-12T13:20:52","date_gmt":"2022-08-12T11:20:52","guid":{"rendered":"https:\/\/radiostargjilan.com\/web\/?p=123712"},"modified":"2022-08-12T13:20:52","modified_gmt":"2022-08-12T11:20:52","slug":"skifterat-te-gatshem-per-fillimin-e-sezonit-te-ri-ata-do-te-jene-lojtari-i-12-te-i-sc-gjilanit","status":"publish","type":"post","link":"https:\/\/radiostargjilan.com\/web\/skifterat-te-gatshem-per-fillimin-e-sezonit-te-ri-ata-do-te-jene-lojtari-i-12-te-i-sc-gjilanit\/","title":{"rendered":"\u201cSkifterat\u201d t\u00eb gatsh\u00ebm p\u00ebr fillimin e sezonit t\u00eb ri, ata do t\u00eb jen\u00eb lojtari i 12-t\u00eb i SC Gjilanit"},"content":{"rendered":"<p>Nes\u00ebr fillon sezoni i ri i Superlig\u00ebs s\u00eb Kosov\u00ebs, SC Gjilani do t\u00eb zhvilloj loj\u00ebn e par\u00eb si vendas kund\u00ebr Ferizajit shkruan Radio Star.<\/p>\n<p>\u201cSkifterat\u201d, p\u00ebrmes nj\u00eb postimi n\u00eb facebook, kan\u00eb b\u00ebr\u00eb thirrje q\u00eb nes\u00ebr t\u00eb gjith\u00eb tifoz\u00ebt ta p\u00ebrkrahin ekipin e tyre t\u00eb zemr\u00ebs dhe t\u00eb jen\u00eb n\u00eb stadium lojtari i 12-t\u00eb.<\/p>\n<p><strong>Komunikata e plot\u00eb:<\/strong><\/p>\n<p>SUPERLIGA PO FILLON !<\/p>\n<p>Pritjes i erdhi fundi,klubi jon\u00eb i zemres rikthehet n\u00eb aksion,dhe rrjedhimisht edhe ne rikthehemi aty ku e lam ! <\/p>\n<p>Nes\u00ebr, te gjitha rrug\u00ebt nga d\u00ebrgojn n\u00eb stadium,p\u00ebr t\u00eb b\u00ebr\u00eb at\u00eb q\u00eb e b\u00ebjm\u00eb m\u00eb s\u00eb miri,lojtarin e 12 !<\/p>\n<p>Gjilani kurr\u00eb nuk ka qen\u00eb vet\u00ebm dhe kurr\u00eb nuk do t\u00eb jet\u00eb,prandaj inkurajojm\u00eb t\u00eb gjith\u00eb antar\u00ebt, t\u00eb gjith\u00eb tifoz\u00ebt dhe qytetar\u00ebt e Gjilanit, q\u00eb t\u2019i bashkohen k\u00ebsaj ndeshje, p\u00ebr t\u00eb filluar suksessh\u00ebm k\u00ebt\u00eb rrug\u00ebtim t\u00eb ri!<\/p>\n<p>Ndeshja fillon nga ora 17:00,dhe zhvillohet te fusha ndihm\u00ebse me bari sintetik !<\/p>\n<p>GJILANI,DASHURI Q\u00cb KURR\u00cb NUK SHTERRET !\u2764\ufe0f\ud83e\udd0d<\/p>\n","protected":false},"excerpt":{"rendered":"<p>Nes\u00ebr fillon sezoni i ri i Superlig\u00ebs s\u00eb Kosov\u00ebs, SC Gjilani do t\u00eb zhvilloj loj\u00ebn e par\u00eb si vendas kund\u00ebr Ferizajit shkruan Radio Star. \u201cSkifterat\u201d, p\u00ebrmes nj\u00eb postimi n\u00eb facebook, kan\u00eb b\u00ebr\u00eb thirrje q\u00eb nes\u00ebr t\u00eb gjith\u00eb tifoz\u00ebt ta p\u00ebrkrahin ekipin e tyre t\u00eb zemr\u00ebs dhe t\u00eb jen\u00eb n\u00eb stadium lojtari i 12-t\u00eb. Komunikata e [&hellip;]<\/p>\n","protected":false},"author":1,"featured_media":123713,"comment_status":"closed","ping_status":"closed","sticky":false,"template":"","format":"standard","meta":{"footnotes":""},"categories":[7],"tags":[],"class_list":{"0":"post-123712","1":"post","2":"type-post","3":"status-publish","4":"format-standard","5":"has-post-thumbnail","7":"category-sports"},"_links":{"self":[{"href":"https:\/\/radiostargjilan.com\/web\/wp-json\/wp\/v2\/posts\/123712","targetHints":{"allow":["GET"]}}],"collection":[{"href":"https:\/\/radiostargjilan.com\/web\/wp-json\/wp\/v2\/posts"}],"about":[{"href":"https:\/\/radiostargjilan.com\/web\/wp-json\/wp\/v2\/types\/post"}],"author":[{"embeddable":true,"href":"https:\/\/radiostargjilan.com\/web\/wp-json\/wp\/v2\/users\/1"}],"replies":[{"embeddable":true,"href":"https:\/\/radiostargjilan.com\/web\/wp-json\/wp\/v2\/comments?post=123712"}],"version-history":[{"count":0,"href":"https:\/\/radiostargjilan.com\/web\/wp-json\/wp\/v2\/posts\/123712\/revisions"}],"wp:featuredmedia":[{"embeddable":true,"href":"https:\/\/radiostargjilan.com\/web\/wp-json\/wp\/v2\/media\/123713"}],"wp:attachment":[{"href":"https:\/\/radiostargjilan.com\/web\/wp-json\/wp\/v2\/media?parent=123712"}],"wp:term":[{"taxonomy":"category","embeddable":true,"href":"https:\/\/radiostargjilan.com\/web\/wp-json\/wp\/v2\/categories?post=123712"},{"taxonomy":"post_tag","embeddable":true,"href":"https:\/\/radiostargjilan.com\/web\/wp-json\/wp\/v2\/tags?post=123712"}],"curies":[{"name":"wp","href":"https:\/\/api.w.org\/{rel}","templated":true}]}}