{"id":123845,"date":"2022-08-13T22:46:16","date_gmt":"2022-08-13T20:46:16","guid":{"rendered":"https:\/\/radiostargjilan.com\/web\/?p=123845"},"modified":"2022-08-13T22:46:16","modified_gmt":"2022-08-13T20:46:16","slug":"haziri-ska-nevoje-te-nxisin-frike-per-lufte-koha-e-vendimeve-te-veshtira","status":"publish","type":"post","link":"https:\/\/radiostargjilan.com\/web\/haziri-ska-nevoje-te-nxisin-frike-per-lufte-koha-e-vendimeve-te-veshtira\/","title":{"rendered":"Haziri: S\u2019ka nevoj\u00eb t\u00eb nxisin frik\u00eb p\u00ebr luft\u00eb, koha e vendimeve t\u00eb v\u00ebshtira"},"content":{"rendered":"<p>Politikan\u00ebve iu vjen momenti q\u00eb duhet t\u00eb sjellin vendime t\u00eb v\u00ebshtira dhe ajo koh\u00eb po vjen p\u00ebr Kosov\u00ebn. N\u00eb k\u00ebt\u00eb rrafsh p\u00ebrpar\u00ebsia e delegacionit ton\u00eb n\u00eb tavolin\u00ebn e dialogut \u00ebsht\u00eb e madhe dhe nuk ka nevoj\u00eb t\u00eb mbrohemi, por nuk kemi nevoj\u00eb as t\u00eb shtrojm\u00eb frik\u00eb tek njer\u00ebzit, brenda dhe jasht\u00eb Kosov\u00ebs se \u2018Serbia do t\u00eb mund nes\u00ebr t\u00eb zbarkoj\u00eb n\u00eb territor t\u00eb Kosov\u00ebs me forca ushtarake apo policore\u2019. <\/p>\n<p>Kosova e ka nj\u00eb garancion, NATO-n, duke p\u00ebrfshir\u00eb edhe kapacitetet tona q\u00eb jan\u00eb duke u nd\u00ebrtuar dhe k\u00ebto e b\u00ebjn\u00eb t\u00eb qart\u00eb q\u00eb nuk po k\u00ebrc\u00ebnon lufta, por po k\u00ebrkohet dialogu, po k\u00ebrkohet zgjidhja. <\/p>\n<p>Duhet t\u00eb demonstrohet q\u00eb Kosova e 17 shkurtit 2008 \u00ebsht\u00eb Republik\u00eb parlamentare, e cila garanton siguri dhe paqe p\u00ebr fqinj\u00ebt, siguron demokraci dhe zhvillim p\u00ebr popullin e saj pavar\u00ebsisht etnis\u00eb dhe argumentin m\u00eb t\u00eb fort\u00eb q\u00eb e kemi pasur \u00ebsht\u00eb q\u00eb ne nuk jemi dhe nuk do t\u00eb jemi k\u00ebrc\u00ebnim p\u00ebr ask\u00ebnd. <\/p>\n<p>Deri tani, kjo qeveri deklarativisht ka nj\u00eb mal me fjal\u00eb, por n\u00eb veprim kemi hezitime dhe kemi politik\u00ebn e nj\u00eb hapi para e dy mbrapa. Pra, nuk ka progres drejt arritjes s\u00eb atyre synimeve e premtimeve q\u00eb i kan\u00eb dh\u00ebn\u00eb. <\/p>\n<p>Fatkeq\u00ebsisht, edhe n\u00eb rrafshin e brendsh\u00ebm e edhe at\u00eb t\u00eb jasht\u00ebm kjo qeveri ka treguar munges\u00eb t\u00eb lidershipit, munges\u00eb t\u00eb guximit politik p\u00ebr t\u2019i zgjidhur problemet. Tash e 1 vit e gjysm\u00eb, nuk kemi qeverisje, por administrim. \u00cbsht\u00eb e papranueshme q\u00eb VV e riktheu administrimin q\u00eb e kemi l\u00ebn\u00eb pas m\u00eb 17 shkurt 2008 dhe Kosova po vuan nga kjo m\u00ebnyr\u00eb e udh\u00ebheqjes.<\/p>\n","protected":false},"excerpt":{"rendered":"<p>Politikan\u00ebve iu vjen momenti q\u00eb duhet t\u00eb sjellin vendime t\u00eb v\u00ebshtira dhe ajo koh\u00eb po vjen p\u00ebr Kosov\u00ebn. N\u00eb k\u00ebt\u00eb rrafsh p\u00ebrpar\u00ebsia e delegacionit ton\u00eb n\u00eb tavolin\u00ebn e dialogut \u00ebsht\u00eb e madhe dhe nuk ka nevoj\u00eb t\u00eb mbrohemi, por nuk kemi nevoj\u00eb as t\u00eb shtrojm\u00eb frik\u00eb tek njer\u00ebzit, brenda dhe jasht\u00eb Kosov\u00ebs se \u2018Serbia do [&hellip;]<\/p>\n","protected":false},"author":1,"featured_media":123846,"comment_status":"closed","ping_status":"closed","sticky":false,"template":"","format":"standard","meta":{"footnotes":""},"categories":[5],"tags":[],"class_list":{"0":"post-123845","1":"post","2":"type-post","3":"status-publish","4":"format-standard","5":"has-post-thumbnail","7":"category-lajme"},"_links":{"self":[{"href":"https:\/\/radiostargjilan.com\/web\/wp-json\/wp\/v2\/posts\/123845","targetHints":{"allow":["GET"]}}],"collection":[{"href":"https:\/\/radiostargjilan.com\/web\/wp-json\/wp\/v2\/posts"}],"about":[{"href":"https:\/\/radiostargjilan.com\/web\/wp-json\/wp\/v2\/types\/post"}],"author":[{"embeddable":true,"href":"https:\/\/radiostargjilan.com\/web\/wp-json\/wp\/v2\/users\/1"}],"replies":[{"embeddable":true,"href":"https:\/\/radiostargjilan.com\/web\/wp-json\/wp\/v2\/comments?post=123845"}],"version-history":[{"count":0,"href":"https:\/\/radiostargjilan.com\/web\/wp-json\/wp\/v2\/posts\/123845\/revisions"}],"wp:featuredmedia":[{"embeddable":true,"href":"https:\/\/radiostargjilan.com\/web\/wp-json\/wp\/v2\/media\/123846"}],"wp:attachment":[{"href":"https:\/\/radiostargjilan.com\/web\/wp-json\/wp\/v2\/media?parent=123845"}],"wp:term":[{"taxonomy":"category","embeddable":true,"href":"https:\/\/radiostargjilan.com\/web\/wp-json\/wp\/v2\/categories?post=123845"},{"taxonomy":"post_tag","embeddable":true,"href":"https:\/\/radiostargjilan.com\/web\/wp-json\/wp\/v2\/tags?post=123845"}],"curies":[{"name":"wp","href":"https:\/\/api.w.org\/{rel}","templated":true}]}}