{"id":124094,"date":"2022-08-16T21:41:31","date_gmt":"2022-08-16T19:41:31","guid":{"rendered":"https:\/\/radiostargjilan.com\/web\/?p=124094"},"modified":"2022-08-16T21:41:31","modified_gmt":"2022-08-16T19:41:31","slug":"muharrem-jashari-do-te-jete-jasht-ekipit-te-fc-drites-per-tre-jave","status":"publish","type":"post","link":"https:\/\/radiostargjilan.com\/web\/muharrem-jashari-do-te-jete-jasht-ekipit-te-fc-drites-per-tre-jave\/","title":{"rendered":"Muharrem Jashari do t\u00eb jet\u00eb jasht ekipit t\u00eb FC Drit\u00ebs p\u00ebr tre jav\u00eb"},"content":{"rendered":"<p>Muharrem Jashari p\u00ebsoi l\u00ebndim n\u00eb ndeshjen e par\u00eb kampionale ndaj Trep\u00e7\u00ebs \u201889. <\/p>\n<p>N\u00eb ekzaminimet e para doli se Jashari e ka mbyllur sezonin vjeshtor, por pas ekzaminimeve shtes\u00eb, del se ai do t\u00eb mungoj\u00eb vet\u00ebm tri jav\u00eb.<\/p>\n<p>Mesfushori i gjilanasve p\u00ebsuar lezion t\u00eb ligamentit t\u00eb shkall\u00ebs s\u00eb dyt\u00eb, njofton klubi.<\/p>\n<p>Njoftimi i plot\u00eb nga FC Drita: <\/p>\n<p>Muli do t\u00eb jet\u00eb jasht ekipit p\u00ebr tre jav\u00eb<\/p>\n<p>Lojtari yn\u00eb Muharrem Jashari ka p\u00ebsuar nje l\u00ebndim n\u00eb ndeshjen hap\u00ebse t\u00eb kampionatit p\u00ebrball ish skuadr\u00ebs s\u00eb tij KF Trepqa 89.<\/p>\n<p>N\u00eb ekzaminimet e para doli q\u00eb Muli ka p\u00ebsuar fraktur\u00eb dhe ka mbyllur sezonin vjeshtor\u00eb, por pas ekzaminimeve shtes rezultoi q\u00eb Muli ka p\u00ebsuar lezion t\u00eb ligamentit t\u00eb shkall\u00ebs s\u00eb dyt\u00eb q\u00eb do ta mbaj jasht\u00eb fush\u00ebs vet\u00ebm tre jav\u00eb.<\/p>\n<p>Klubi jon\u00eb i d\u00ebshiron kthim sa m\u00eb t\u00eb shpejt\u00eb Mulit.<\/p>\n<p>FC DRITA\u2b1c\ufe0f\ud83d\udfe6<\/p>\n","protected":false},"excerpt":{"rendered":"<p>Muharrem Jashari p\u00ebsoi l\u00ebndim n\u00eb ndeshjen e par\u00eb kampionale ndaj Trep\u00e7\u00ebs \u201889. N\u00eb ekzaminimet e para doli se Jashari e ka mbyllur sezonin vjeshtor, por pas ekzaminimeve shtes\u00eb, del se ai do t\u00eb mungoj\u00eb vet\u00ebm tri jav\u00eb. Mesfushori i gjilanasve p\u00ebsuar lezion t\u00eb ligamentit t\u00eb shkall\u00ebs s\u00eb dyt\u00eb, njofton klubi. Njoftimi i plot\u00eb nga FC [&hellip;]<\/p>\n","protected":false},"author":1,"featured_media":124095,"comment_status":"closed","ping_status":"closed","sticky":false,"template":"","format":"standard","meta":{"footnotes":""},"categories":[7],"tags":[],"class_list":{"0":"post-124094","1":"post","2":"type-post","3":"status-publish","4":"format-standard","5":"has-post-thumbnail","7":"category-sports"},"_links":{"self":[{"href":"https:\/\/radiostargjilan.com\/web\/wp-json\/wp\/v2\/posts\/124094","targetHints":{"allow":["GET"]}}],"collection":[{"href":"https:\/\/radiostargjilan.com\/web\/wp-json\/wp\/v2\/posts"}],"about":[{"href":"https:\/\/radiostargjilan.com\/web\/wp-json\/wp\/v2\/types\/post"}],"author":[{"embeddable":true,"href":"https:\/\/radiostargjilan.com\/web\/wp-json\/wp\/v2\/users\/1"}],"replies":[{"embeddable":true,"href":"https:\/\/radiostargjilan.com\/web\/wp-json\/wp\/v2\/comments?post=124094"}],"version-history":[{"count":0,"href":"https:\/\/radiostargjilan.com\/web\/wp-json\/wp\/v2\/posts\/124094\/revisions"}],"wp:featuredmedia":[{"embeddable":true,"href":"https:\/\/radiostargjilan.com\/web\/wp-json\/wp\/v2\/media\/124095"}],"wp:attachment":[{"href":"https:\/\/radiostargjilan.com\/web\/wp-json\/wp\/v2\/media?parent=124094"}],"wp:term":[{"taxonomy":"category","embeddable":true,"href":"https:\/\/radiostargjilan.com\/web\/wp-json\/wp\/v2\/categories?post=124094"},{"taxonomy":"post_tag","embeddable":true,"href":"https:\/\/radiostargjilan.com\/web\/wp-json\/wp\/v2\/tags?post=124094"}],"curies":[{"name":"wp","href":"https:\/\/api.w.org\/{rel}","templated":true}]}}