{"id":124196,"date":"2022-08-18T10:34:35","date_gmt":"2022-08-18T08:34:35","guid":{"rendered":"https:\/\/radiostargjilan.com\/web\/?p=124196"},"modified":"2022-08-18T10:34:35","modified_gmt":"2022-08-18T08:34:35","slug":"komiteti-teknik-emergjent-per-rrymen-mblidhet-dy-here-ne-pak-ore-kerkohet-ndalja-e-reduktimeve","status":"publish","type":"post","link":"https:\/\/radiostargjilan.com\/web\/komiteti-teknik-emergjent-per-rrymen-mblidhet-dy-here-ne-pak-ore-kerkohet-ndalja-e-reduktimeve\/","title":{"rendered":"Komiteti Teknik Emergjent p\u00ebr rrym\u00ebn mblidhet dy her\u00eb n\u00eb pak or\u00eb, k\u00ebrkohet ndalja e reduktimeve"},"content":{"rendered":"<p>Komiteti Teknik Emergjent (KTE) i themeluar nga ministrja e Ekonomis\u00eb Artane Rizvanolli ka mbajtur dy mbledhje brenda pak or\u00ebsh dje.<\/p>\n<p>Si\u00e7 ka njoftuar ME, takimi i dyt\u00eb u mbajt n\u00eb or\u00eb 21:00, dhe aty u rekomanduan masa t\u00eb reja p\u00ebr leht\u00ebzimin me furnizim me energji elektrike n\u00eb vend.<\/p>\n<p>\u201cMe q\u00ebllim t\u00eb tejkalimit t\u00eb situat\u00ebs me furnizim t\u00eb energjis\u00eb elektrike q\u00eb do t\u00eb zgjas deri m\u00eb 25 gusht 2022, Komiteti Teknik Emergjent rekomandoi q\u00eb KEK t\u00eb siguroj\u00eb energjin\u00eb e nevojshme p\u00ebr t\u00eb evituar reduktimet p\u00ebr konsumator\u00ebt dhe devijimet n\u00eb rrjetin energjetik\u201d, thuhet n\u00eb komunikat\u00ebn e Ministris\u00eb.<\/p>\n<p>Komiteti, i themeluar p\u00ebr t\u00eb hartuar rekomandime dhe p\u00ebr t\u00eb identifikuar problemen n\u00eb furnizimin me energji elektrike n\u00eb mbledhjen e par\u00eb reakomandoi q\u00eb KEK-u t\u2019ia ofroj\u00eb KEDS-it energjin\u00eb e siguruar.<\/p>\n<p>Komiteti Teknik Emergjent ka k\u00ebt\u00eb p\u00ebrb\u00ebrje: p\u00ebrfaq\u00ebsuesit e Ministris\u00eb s\u00eb Ekonomis\u00eb, Ministria e Industris\u00eb, Nd\u00ebrmarr\u00ebsis\u00eb dhe Tregtis\u00eb, Ministria e Pun\u00ebve t\u00eb Brendshme, Zyra e Rregullatorit p\u00ebr Energji (ZRrE), Komisioni i Pavarur p\u00ebr Miniera dhe Minerale (KPMM), Autoriteti Kosovar i Konkurrenc\u00ebs, Korporata Energjetike e Kosov\u00ebs (KEK), Operatori i Sistemit t\u00eb Transmisionit dhe Tregut (KOSTT), Operatori i Sistemit t\u00eb Distribucionit (KEDS) dhe Furnizuesi i Sh\u00ebrbimit Universal (KESCO).<\/p>\n","protected":false},"excerpt":{"rendered":"<p>Komiteti Teknik Emergjent (KTE) i themeluar nga ministrja e Ekonomis\u00eb Artane Rizvanolli ka mbajtur dy mbledhje brenda pak or\u00ebsh dje. Si\u00e7 ka njoftuar ME, takimi i dyt\u00eb u mbajt n\u00eb or\u00eb 21:00, dhe aty u rekomanduan masa t\u00eb reja p\u00ebr leht\u00ebzimin me furnizim me energji elektrike n\u00eb vend. \u201cMe q\u00ebllim t\u00eb tejkalimit t\u00eb situat\u00ebs me [&hellip;]<\/p>\n","protected":false},"author":1,"featured_media":123942,"comment_status":"closed","ping_status":"closed","sticky":false,"template":"","format":"standard","meta":{"footnotes":""},"categories":[5],"tags":[],"class_list":{"0":"post-124196","1":"post","2":"type-post","3":"status-publish","4":"format-standard","5":"has-post-thumbnail","7":"category-lajme"},"_links":{"self":[{"href":"https:\/\/radiostargjilan.com\/web\/wp-json\/wp\/v2\/posts\/124196","targetHints":{"allow":["GET"]}}],"collection":[{"href":"https:\/\/radiostargjilan.com\/web\/wp-json\/wp\/v2\/posts"}],"about":[{"href":"https:\/\/radiostargjilan.com\/web\/wp-json\/wp\/v2\/types\/post"}],"author":[{"embeddable":true,"href":"https:\/\/radiostargjilan.com\/web\/wp-json\/wp\/v2\/users\/1"}],"replies":[{"embeddable":true,"href":"https:\/\/radiostargjilan.com\/web\/wp-json\/wp\/v2\/comments?post=124196"}],"version-history":[{"count":0,"href":"https:\/\/radiostargjilan.com\/web\/wp-json\/wp\/v2\/posts\/124196\/revisions"}],"wp:featuredmedia":[{"embeddable":true,"href":"https:\/\/radiostargjilan.com\/web\/wp-json\/wp\/v2\/media\/123942"}],"wp:attachment":[{"href":"https:\/\/radiostargjilan.com\/web\/wp-json\/wp\/v2\/media?parent=124196"}],"wp:term":[{"taxonomy":"category","embeddable":true,"href":"https:\/\/radiostargjilan.com\/web\/wp-json\/wp\/v2\/categories?post=124196"},{"taxonomy":"post_tag","embeddable":true,"href":"https:\/\/radiostargjilan.com\/web\/wp-json\/wp\/v2\/tags?post=124196"}],"curies":[{"name":"wp","href":"https:\/\/api.w.org\/{rel}","templated":true}]}}