{"id":124198,"date":"2022-08-18T11:38:18","date_gmt":"2022-08-18T09:38:18","guid":{"rendered":"https:\/\/radiostargjilan.com\/web\/?p=124198"},"modified":"2022-08-18T11:38:18","modified_gmt":"2022-08-18T09:38:18","slug":"lutfi-haziri-albin-kurti-nuk-u-konsultua-me-opoziten-para-se-te-niset-per-bruksel","status":"publish","type":"post","link":"https:\/\/radiostargjilan.com\/web\/lutfi-haziri-albin-kurti-nuk-u-konsultua-me-opoziten-para-se-te-niset-per-bruksel\/","title":{"rendered":"Lutfi Haziri: Albin Kurti nuk u konsultua me opozit\u00ebn para se t\u00eb niset p\u00ebr Bruksel"},"content":{"rendered":"<p>Sot n\u00eb Bruksel do t\u00eb mbahet takimi nd\u00ebrmjet kryeministrit Albin Kurti dhe presidentit serb Aleksandar Vu\u00e7iq.<\/p>\n<p>N\u00ebnkryetari i Lidhjes Demokratike t\u00eb Kosov\u00ebs, Lutfi Haziri, ka th\u00ebn\u00eb se kryeministri Albin Kurti nuk \u00ebsht\u00eb konsultuar me opozit\u00ebn para se t\u00eb niset p\u00ebr Bruksel.<\/p>\n<p>N\u00eb nj\u00eb lidhje direkte n\u00eb Klan Kosova, Haziri ka theksuar se dialogu politik n\u00eb Kosov\u00eb ka r\u00ebn\u00eb p\u00ebr tok\u00eb.<\/p>\n<p>\u201cNuk ka dialog politik n\u00eb Kosov\u00eb, s\u2019ka dialog as me sindikata dhe nuk ka dialog t\u00eb brendsh\u00ebm me komunitete etnike. Pakicat po luajn\u00eb nj\u00eb rol t\u00eb madh n\u00eb Ballkan. P\u00ebr problemet me Serbin\u00eb, Kurti duhet t\u00eb konsultohet me partit\u00eb politike \u2013 s\u00eb paku me ato q\u00eb jan\u00eb n\u00eb parlament\u201d.<\/p>\n<p>\u201cMos t\u00eb na ftojn\u00eb n\u00eb nj\u00eb situat\u00eb pasi t\u00eb ndodh di\u00e7ka n\u00eb Kosov\u00eb. Duhet t\u2019u paraprihet evitimit t\u00eb problemeve\u201d.<\/p>\n","protected":false},"excerpt":{"rendered":"<p>Sot n\u00eb Bruksel do t\u00eb mbahet takimi nd\u00ebrmjet kryeministrit Albin Kurti dhe presidentit serb Aleksandar Vu\u00e7iq. N\u00ebnkryetari i Lidhjes Demokratike t\u00eb Kosov\u00ebs, Lutfi Haziri, ka th\u00ebn\u00eb se kryeministri Albin Kurti nuk \u00ebsht\u00eb konsultuar me opozit\u00ebn para se t\u00eb niset p\u00ebr Bruksel. N\u00eb nj\u00eb lidhje direkte n\u00eb Klan Kosova, Haziri ka theksuar se dialogu politik n\u00eb [&hellip;]<\/p>\n","protected":false},"author":1,"featured_media":124185,"comment_status":"closed","ping_status":"closed","sticky":false,"template":"","format":"standard","meta":{"footnotes":""},"categories":[5],"tags":[],"class_list":{"0":"post-124198","1":"post","2":"type-post","3":"status-publish","4":"format-standard","5":"has-post-thumbnail","7":"category-lajme"},"_links":{"self":[{"href":"https:\/\/radiostargjilan.com\/web\/wp-json\/wp\/v2\/posts\/124198","targetHints":{"allow":["GET"]}}],"collection":[{"href":"https:\/\/radiostargjilan.com\/web\/wp-json\/wp\/v2\/posts"}],"about":[{"href":"https:\/\/radiostargjilan.com\/web\/wp-json\/wp\/v2\/types\/post"}],"author":[{"embeddable":true,"href":"https:\/\/radiostargjilan.com\/web\/wp-json\/wp\/v2\/users\/1"}],"replies":[{"embeddable":true,"href":"https:\/\/radiostargjilan.com\/web\/wp-json\/wp\/v2\/comments?post=124198"}],"version-history":[{"count":0,"href":"https:\/\/radiostargjilan.com\/web\/wp-json\/wp\/v2\/posts\/124198\/revisions"}],"wp:featuredmedia":[{"embeddable":true,"href":"https:\/\/radiostargjilan.com\/web\/wp-json\/wp\/v2\/media\/124185"}],"wp:attachment":[{"href":"https:\/\/radiostargjilan.com\/web\/wp-json\/wp\/v2\/media?parent=124198"}],"wp:term":[{"taxonomy":"category","embeddable":true,"href":"https:\/\/radiostargjilan.com\/web\/wp-json\/wp\/v2\/categories?post=124198"},{"taxonomy":"post_tag","embeddable":true,"href":"https:\/\/radiostargjilan.com\/web\/wp-json\/wp\/v2\/tags?post=124198"}],"curies":[{"name":"wp","href":"https:\/\/api.w.org\/{rel}","templated":true}]}}