{"id":124821,"date":"2022-08-25T22:31:12","date_gmt":"2022-08-25T20:31:12","guid":{"rendered":"https:\/\/radiostargjilan.com\/web\/?p=124821"},"modified":"2022-08-25T22:31:12","modified_gmt":"2022-08-25T20:31:12","slug":"drita-uron-skuadren-e-fc-ballkanit-per-suksesin-e-arritur-ne-conference-league","status":"publish","type":"post","link":"https:\/\/radiostargjilan.com\/web\/drita-uron-skuadren-e-fc-ballkanit-per-suksesin-e-arritur-ne-conference-league\/","title":{"rendered":"Drita uron skuadr\u00ebn e FC Ballkanit p\u00ebr suksesin e arritur n\u00eb Conference League"},"content":{"rendered":"<p>FC Ballkani  arriti rezultat pozitiv n\u00eb ndeshjen e sonte ndaj Shkupit, n\u00eb kuad\u00ebr t\u00eb UEFA Conference League, shkruan Radio Star.<\/p>\n<p>T\u00eb p\u00ebrzgjedhurit e Ilir Daj\u00ebs fituan me rezultat t\u00eb p\u00ebrgjithsh\u00ebm 3 me 1, duke siguruar kualifikimet n\u00eb faz\u00ebn e grupeve n\u00eb Conference League.<\/p>\n<p>Klubi gjilanas FC Drita, ka uruar skuadr\u00ebn e Ballkanit p\u00ebr suksesin e arritur n\u00eb \u201cConference League\u201d.<\/p>\n<p><a href=\"https:\/\/radiostargjilan.com\/web\/wp-content\/uploads\/2022\/08\/A2ABB963-460F-4538-B238-2ECD79FF67B2.jpeg\"><img loading=\"lazy\" loading=\"lazy\" decoding=\"async\" src=\"https:\/\/radiostargjilan.com\/web\/wp-content\/uploads\/2022\/08\/A2ABB963-460F-4538-B238-2ECD79FF67B2-673x1024.jpeg\" alt=\"\" width=\"673\" height=\"1024\" class=\"alignnone size-large wp-image-124822\" srcset=\"https:\/\/radiostargjilan.com\/web\/wp-content\/uploads\/2022\/08\/A2ABB963-460F-4538-B238-2ECD79FF67B2-673x1024.jpeg 673w, https:\/\/radiostargjilan.com\/web\/wp-content\/uploads\/2022\/08\/A2ABB963-460F-4538-B238-2ECD79FF67B2-197x300.jpeg 197w, https:\/\/radiostargjilan.com\/web\/wp-content\/uploads\/2022\/08\/A2ABB963-460F-4538-B238-2ECD79FF67B2-768x1168.jpeg 768w, https:\/\/radiostargjilan.com\/web\/wp-content\/uploads\/2022\/08\/A2ABB963-460F-4538-B238-2ECD79FF67B2-1010x1536.jpeg 1010w, https:\/\/radiostargjilan.com\/web\/wp-content\/uploads\/2022\/08\/A2ABB963-460F-4538-B238-2ECD79FF67B2.jpeg 1284w\" sizes=\"auto, (max-width: 673px) 100vw, 673px\" \/><\/a><\/p>\n","protected":false},"excerpt":{"rendered":"<p>FC Ballkani arriti rezultat pozitiv n\u00eb ndeshjen e sonte ndaj Shkupit, n\u00eb kuad\u00ebr t\u00eb UEFA Conference League, shkruan Radio Star. T\u00eb p\u00ebrzgjedhurit e Ilir Daj\u00ebs fituan me rezultat t\u00eb p\u00ebrgjithsh\u00ebm 3 me 1, duke siguruar kualifikimet n\u00eb faz\u00ebn e grupeve n\u00eb Conference League. Klubi gjilanas FC Drita, ka uruar skuadr\u00ebn e Ballkanit p\u00ebr suksesin e [&hellip;]<\/p>\n","protected":false},"author":1,"featured_media":124823,"comment_status":"closed","ping_status":"closed","sticky":false,"template":"","format":"standard","meta":{"footnotes":""},"categories":[7],"tags":[],"class_list":{"0":"post-124821","1":"post","2":"type-post","3":"status-publish","4":"format-standard","5":"has-post-thumbnail","7":"category-sports"},"_links":{"self":[{"href":"https:\/\/radiostargjilan.com\/web\/wp-json\/wp\/v2\/posts\/124821","targetHints":{"allow":["GET"]}}],"collection":[{"href":"https:\/\/radiostargjilan.com\/web\/wp-json\/wp\/v2\/posts"}],"about":[{"href":"https:\/\/radiostargjilan.com\/web\/wp-json\/wp\/v2\/types\/post"}],"author":[{"embeddable":true,"href":"https:\/\/radiostargjilan.com\/web\/wp-json\/wp\/v2\/users\/1"}],"replies":[{"embeddable":true,"href":"https:\/\/radiostargjilan.com\/web\/wp-json\/wp\/v2\/comments?post=124821"}],"version-history":[{"count":0,"href":"https:\/\/radiostargjilan.com\/web\/wp-json\/wp\/v2\/posts\/124821\/revisions"}],"wp:featuredmedia":[{"embeddable":true,"href":"https:\/\/radiostargjilan.com\/web\/wp-json\/wp\/v2\/media\/124823"}],"wp:attachment":[{"href":"https:\/\/radiostargjilan.com\/web\/wp-json\/wp\/v2\/media?parent=124821"}],"wp:term":[{"taxonomy":"category","embeddable":true,"href":"https:\/\/radiostargjilan.com\/web\/wp-json\/wp\/v2\/categories?post=124821"},{"taxonomy":"post_tag","embeddable":true,"href":"https:\/\/radiostargjilan.com\/web\/wp-json\/wp\/v2\/tags?post=124821"}],"curies":[{"name":"wp","href":"https:\/\/api.w.org\/{rel}","templated":true}]}}