{"id":124882,"date":"2022-08-26T20:24:19","date_gmt":"2022-08-26T18:24:19","guid":{"rendered":"https:\/\/radiostargjilan.com\/web\/?p=124882"},"modified":"2022-08-26T20:24:19","modified_gmt":"2022-08-26T18:24:19","slug":"pezullimi-i-pagave-per-grevistet-zemaj-sjellje-e-zakonshme-e-qeverisjeve-autokrate","status":"publish","type":"post","link":"https:\/\/radiostargjilan.com\/web\/pezullimi-i-pagave-per-grevistet-zemaj-sjellje-e-zakonshme-e-qeverisjeve-autokrate\/","title":{"rendered":"Pezullimi i pagave p\u00ebr grevist\u00ebt, Zemaj: Sjellje e zakonshme e qeverisjeve autokrate"},"content":{"rendered":"<p>Deputeti i Lidhjes Demokratike t\u00eb Kosov\u00ebs, Armend Zemaj ka kritikuar Qeverin\u00eb Kurti p\u00ebr gjendjen n\u00eb sh\u00ebndet\u00ebsi, reduktimet e energjis\u00eb, kriz\u00ebn ekonomike e grevat.<\/p>\n<p>Zemaj p\u00ebrmes nj\u00eb shkrimi n\u00eb llogarin\u00eb e tij n\u00eb Facebook, ka folur p\u00ebr k\u00ebrc\u00ebnimin ndaj grevist\u00ebve.<\/p>\n<p>\u201cE fundit: k\u00ebrc\u00ebnimi p\u00ebr pezullim t\u00eb pagave p\u00ebr grevist\u00ebt sindikalist, \u00ebsht\u00eb sjellje e zakonshme e qeverisjeve autokrate\u201d ka th\u00ebn\u00eb ai.<\/p>\n","protected":false},"excerpt":{"rendered":"<p>Deputeti i Lidhjes Demokratike t\u00eb Kosov\u00ebs, Armend Zemaj ka kritikuar Qeverin\u00eb Kurti p\u00ebr gjendjen n\u00eb sh\u00ebndet\u00ebsi, reduktimet e energjis\u00eb, kriz\u00ebn ekonomike e grevat. Zemaj p\u00ebrmes nj\u00eb shkrimi n\u00eb llogarin\u00eb e tij n\u00eb Facebook, ka folur p\u00ebr k\u00ebrc\u00ebnimin ndaj grevist\u00ebve. \u201cE fundit: k\u00ebrc\u00ebnimi p\u00ebr pezullim t\u00eb pagave p\u00ebr grevist\u00ebt sindikalist, \u00ebsht\u00eb sjellje e zakonshme e qeverisjeve [&hellip;]<\/p>\n","protected":false},"author":1,"featured_media":124883,"comment_status":"closed","ping_status":"closed","sticky":false,"template":"","format":"standard","meta":{"footnotes":""},"categories":[6],"tags":[],"class_list":{"0":"post-124882","1":"post","2":"type-post","3":"status-publish","4":"format-standard","5":"has-post-thumbnail","7":"category-opinion"},"_links":{"self":[{"href":"https:\/\/radiostargjilan.com\/web\/wp-json\/wp\/v2\/posts\/124882","targetHints":{"allow":["GET"]}}],"collection":[{"href":"https:\/\/radiostargjilan.com\/web\/wp-json\/wp\/v2\/posts"}],"about":[{"href":"https:\/\/radiostargjilan.com\/web\/wp-json\/wp\/v2\/types\/post"}],"author":[{"embeddable":true,"href":"https:\/\/radiostargjilan.com\/web\/wp-json\/wp\/v2\/users\/1"}],"replies":[{"embeddable":true,"href":"https:\/\/radiostargjilan.com\/web\/wp-json\/wp\/v2\/comments?post=124882"}],"version-history":[{"count":0,"href":"https:\/\/radiostargjilan.com\/web\/wp-json\/wp\/v2\/posts\/124882\/revisions"}],"wp:featuredmedia":[{"embeddable":true,"href":"https:\/\/radiostargjilan.com\/web\/wp-json\/wp\/v2\/media\/124883"}],"wp:attachment":[{"href":"https:\/\/radiostargjilan.com\/web\/wp-json\/wp\/v2\/media?parent=124882"}],"wp:term":[{"taxonomy":"category","embeddable":true,"href":"https:\/\/radiostargjilan.com\/web\/wp-json\/wp\/v2\/categories?post=124882"},{"taxonomy":"post_tag","embeddable":true,"href":"https:\/\/radiostargjilan.com\/web\/wp-json\/wp\/v2\/tags?post=124882"}],"curies":[{"name":"wp","href":"https:\/\/api.w.org\/{rel}","templated":true}]}}