{"id":125831,"date":"2022-09-06T15:42:44","date_gmt":"2022-09-06T13:42:44","guid":{"rendered":"https:\/\/radiostargjilan.com\/web\/?p=125831"},"modified":"2022-09-06T17:04:23","modified_gmt":"2022-09-06T15:04:23","slug":"ansambli-gjilani-shkelqeu-ne-festivalin-e-te-rinjve-ballkanik-ne-sandanski-bullgari","status":"publish","type":"post","link":"https:\/\/radiostargjilan.com\/web\/ansambli-gjilani-shkelqeu-ne-festivalin-e-te-rinjve-ballkanik-ne-sandanski-bullgari\/","title":{"rendered":"Ansambli Gjilani shk\u00eblqeu n\u00eb Festivalin e t\u00eb rinjve Ballkanik n\u00eb Sandanski-Bullgari"},"content":{"rendered":"<p>I ftuar si fitues i edicionit te fundit te k\u00ebtij festivali Ansambli yn\u00eb p\u00ebrfaq\u00ebsoi Republik\u00ebn e Kosov\u00ebs dhe qytetin e Gjilanit,dhe u paraqit me k\u00ebng\u00eb e valle te p\u00ebrzgjedhura shqipe,me veshje tona tradicionale ku u vler\u00ebsua si Ansambli me i kompletuar ne mesin e shume shteteve pjes\u00ebmarr\u00ebse nga Ballkani dhe Evropa.<\/p>\n<p>Ky festival ka karakter shum\u00ebkulturor dhe Ansambli Gjilani ne pjes\u00ebn e muzik\u00ebs popullore-tradicionale me p\u00ebrvoj\u00ebn dhe profesionalizmin qe ka , arriti ti rr\u00ebmbej\u00eb edhe zemrat e publikut t\u00eb shumt\u00eb dhe u p\u00ebrcoll me duartrokitje t\u00eb ngrohta.<\/p>\n<p>Fal\u00ebnderim te ve\u00e7ant\u00eb p\u00ebr pjes\u00ebtar\u00ebt e Ansamblit q\u00eb me mund\u00eb e kontribut t\u00eb madh\u00eb po arrijm\u00eb k\u00ebto suksese, Gjithashtu n\u00eb em\u00ebr t\u00eb Ansamblit fal\u00ebnderoj\u00eb ata q\u00eb na mund\u00ebsuan p\u00ebrfaq\u00ebsimin e R. Kosov\u00ebs dhe qytetit ton\u00eb Gjilanit ,ne k\u00ebt\u00eb ngjarje te madhe kulturore, \u201d Smart Light\u201d me pronar Z. Sahit Abazi, \u201cRestaurant Xixa\u201d me pronar Z.Besim Bllaca dhe \u201cCaffe Bar N\u2019shpi\u201d me pronaret Z.Milot R Mustafa dhe Besnik Bajrami, Ansambli yn\u00eb do te jet\u00eb mir\u00ebnjoh\u00ebs gjithmon\u00eb.<\/p>\n<p>K\u00ebto ngjarje kulturore jan\u00eb shum\u00eb t\u00eb r\u00ebnd\u00ebsishme p\u00ebr t\u00eb ardhmen e t\u00eb rinjve tan\u00eb , p\u00ebrve\u00e7 integrimit te tyre p\u00ebrmes pjes\u00ebmarrjeve te ndryshme, do te kultivohen dhe ruhen vlerat tona komb\u00ebtare, andaj i b\u00ebjm\u00eb thirrje edhe institucioneve qe te gjejn\u00eb m\u00ebnyra p\u00ebr tu mb\u00ebshtetur Ansambli Gjilani, sepse \u00ebsht\u00eb nj\u00eb Ansamb\u00ebl i d\u00ebshmuar dhe profesional, si ne nivelin komb\u00ebtar ashtu dhe ne at\u00eb nd\u00ebrkomb\u00ebtar, dhe vlere e ve\u00e7ant\u00eb jo vet\u00ebm e Komun\u00ebs se Gjilanit por dhe nivelit komb\u00ebtar.<\/p>\n","protected":false},"excerpt":{"rendered":"<p>I ftuar si fitues i edicionit te fundit te k\u00ebtij festivali Ansambli yn\u00eb p\u00ebrfaq\u00ebsoi Republik\u00ebn e Kosov\u00ebs dhe qytetin e Gjilanit,dhe u paraqit me k\u00ebng\u00eb e valle te p\u00ebrzgjedhura shqipe,me veshje tona tradicionale ku u vler\u00ebsua si Ansambli me i kompletuar ne mesin e shume shteteve pjes\u00ebmarr\u00ebse nga Ballkani dhe Evropa. Ky festival ka karakter [&hellip;]<\/p>\n","protected":false},"author":1,"featured_media":125832,"comment_status":"closed","ping_status":"closed","sticky":false,"template":"","format":"standard","meta":{"footnotes":""},"categories":[9],"tags":[],"class_list":{"0":"post-125831","1":"post","2":"type-post","3":"status-publish","4":"format-standard","5":"has-post-thumbnail","7":"category-magazina"},"_links":{"self":[{"href":"https:\/\/radiostargjilan.com\/web\/wp-json\/wp\/v2\/posts\/125831","targetHints":{"allow":["GET"]}}],"collection":[{"href":"https:\/\/radiostargjilan.com\/web\/wp-json\/wp\/v2\/posts"}],"about":[{"href":"https:\/\/radiostargjilan.com\/web\/wp-json\/wp\/v2\/types\/post"}],"author":[{"embeddable":true,"href":"https:\/\/radiostargjilan.com\/web\/wp-json\/wp\/v2\/users\/1"}],"replies":[{"embeddable":true,"href":"https:\/\/radiostargjilan.com\/web\/wp-json\/wp\/v2\/comments?post=125831"}],"version-history":[{"count":0,"href":"https:\/\/radiostargjilan.com\/web\/wp-json\/wp\/v2\/posts\/125831\/revisions"}],"wp:featuredmedia":[{"embeddable":true,"href":"https:\/\/radiostargjilan.com\/web\/wp-json\/wp\/v2\/media\/125832"}],"wp:attachment":[{"href":"https:\/\/radiostargjilan.com\/web\/wp-json\/wp\/v2\/media?parent=125831"}],"wp:term":[{"taxonomy":"category","embeddable":true,"href":"https:\/\/radiostargjilan.com\/web\/wp-json\/wp\/v2\/categories?post=125831"},{"taxonomy":"post_tag","embeddable":true,"href":"https:\/\/radiostargjilan.com\/web\/wp-json\/wp\/v2\/tags?post=125831"}],"curies":[{"name":"wp","href":"https:\/\/api.w.org\/{rel}","templated":true}]}}