{"id":126416,"date":"2022-09-13T23:01:03","date_gmt":"2022-09-13T21:01:03","guid":{"rendered":"https:\/\/radiostargjilan.com\/web\/?p=126416"},"modified":"2022-09-13T23:01:03","modified_gmt":"2022-09-13T21:01:03","slug":"jasharaj-kurtit-iu-drejtova-me-vella-sepse-eshte-tradite-e-shqiptarit-kryeministri-duhet-te-reflektoje","status":"publish","type":"post","link":"https:\/\/radiostargjilan.com\/web\/jasharaj-kurtit-iu-drejtova-me-vella-sepse-eshte-tradite-e-shqiptarit-kryeministri-duhet-te-reflektoje\/","title":{"rendered":"Jasharaj-Kurtit iu drejtova me v\u00eblla sepse \u00ebsht\u00eb tradit\u00eb e shqiptarit, kryeministri duhet t\u00eb reflektoj\u00eb"},"content":{"rendered":"<p>Kreu i SBASHK-ut Rrahman Jasharaj ka folur pas paralajm\u00ebrimeve t\u00eb nj\u00eb shkolle n\u00eb Gjakov\u00eb p\u00ebr nd\u00ebrprerje t\u00eb grev\u00ebs.<\/p>\n<p>K\u00ebshilli i M\u00ebsuesve  t\u00eb Shkoll\u00ebs Fillore \u201cKelmend Rizvanolli\u201d kan\u00eb vendosur q\u00eb nga dita e m\u00ebrkur\u00eb t\u00eb nd\u00ebrpresin grev\u00ebn dhe t\u00eb fillojn\u00eb m\u00ebsim. Valma Kamishi Zeka, drejtoresh\u00eb e k\u00ebsaj shkolle ka th\u00ebn\u00eb se nd\u00ebrprerja e grev\u00ebs nuk \u00ebsht\u00eb b\u00ebr\u00eb p\u00ebr asgj\u00eb tjet\u00ebr p\u00ebrpos p\u00ebr t\u00eb mir\u00ebn e nx\u00ebn\u00ebsve.<\/p>\n<p>Jasharaj n\u00eb \u201cDebat Plus\u201d t\u00eb RTV Dukagjinit ka th\u00ebn\u00eb se ka tendenca p\u00ebr thyerje t\u00eb grev\u00ebs, por se ajo do t\u00eb vazhdoj\u00eb.<\/p>\n<p>\u201cKemi tendenca t\u00eb papara n\u00eb k\u00ebt\u00eb koh\u00eb p\u00ebr t\u00eb b\u00ebr\u00eb p\u00ebr\u00e7arje n\u00eb k\u00ebt\u00eb koh\u00eb, por greva \u00ebsht\u00eb unike dhe nuk thyhet dot\u201d, ka th\u00ebn\u00eb ai.<\/p>\n<p>\u201cUn\u00eb po them sonte i kam th\u00ebn\u00eb v\u00eblla sepse \u00ebsht\u00eb tradit\u00eb e shqiptarit q\u00eb t\u2019i drejtohet si v\u00ebllai me v\u00eblla. Ishte lutje ime q\u00eb kryeministri t\u00eb reflektoj\u00eb\u201d, deklaroi i pari i SBASHK-ut.<\/p>\n<p>Jasharaj ka mohuar q\u00eb n\u00eb takimin e sot\u00ebm me Kurtin t\u00eb jet\u00eb p\u00ebrmendur ndonj\u00eb shum\u00eb e pranueshme si kompromis p\u00ebr t\u2019i dh\u00ebn\u00eb grev\u00ebs s\u00eb nisur m\u00eb 25 gusht, duke th\u00ebn\u00eb se q\u00ebndrojn\u00eb parapa k\u00ebrkesave p\u00ebr 100 euro shtes\u00eb dhe pjes\u00ebmarrje n\u00eb dialogun social.<\/p>\n<p>I pari i SBASHK-ut ka th\u00ebn\u00eb se sonte kan\u00eb mbajtur mbledhje me k\u00ebshillat lokal t\u00eb sindikat\u00ebs ku jan\u00eb p\u00ebrcjell\u00eb q\u00ebndrimet e tyre.<\/p>\n<p>\u201cQ\u00ebndrimi i tyre ishte se Kurti nuk ka ofruar asgj\u00eb. 50 euroshi \u00ebsht\u00eb nga pakoja sociale, neve nuk na kan\u00eb ofruar asgj\u00eb\u201d, deklaroi Jasharaj.<\/p>\n","protected":false},"excerpt":{"rendered":"<p>Kreu i SBASHK-ut Rrahman Jasharaj ka folur pas paralajm\u00ebrimeve t\u00eb nj\u00eb shkolle n\u00eb Gjakov\u00eb p\u00ebr nd\u00ebrprerje t\u00eb grev\u00ebs. K\u00ebshilli i M\u00ebsuesve t\u00eb Shkoll\u00ebs Fillore \u201cKelmend Rizvanolli\u201d kan\u00eb vendosur q\u00eb nga dita e m\u00ebrkur\u00eb t\u00eb nd\u00ebrpresin grev\u00ebn dhe t\u00eb fillojn\u00eb m\u00ebsim. Valma Kamishi Zeka, drejtoresh\u00eb e k\u00ebsaj shkolle ka th\u00ebn\u00eb se nd\u00ebrprerja e grev\u00ebs nuk \u00ebsht\u00eb [&hellip;]<\/p>\n","protected":false},"author":1,"featured_media":125566,"comment_status":"closed","ping_status":"closed","sticky":false,"template":"","format":"standard","meta":{"footnotes":""},"categories":[5],"tags":[],"class_list":{"0":"post-126416","1":"post","2":"type-post","3":"status-publish","4":"format-standard","5":"has-post-thumbnail","7":"category-lajme"},"_links":{"self":[{"href":"https:\/\/radiostargjilan.com\/web\/wp-json\/wp\/v2\/posts\/126416","targetHints":{"allow":["GET"]}}],"collection":[{"href":"https:\/\/radiostargjilan.com\/web\/wp-json\/wp\/v2\/posts"}],"about":[{"href":"https:\/\/radiostargjilan.com\/web\/wp-json\/wp\/v2\/types\/post"}],"author":[{"embeddable":true,"href":"https:\/\/radiostargjilan.com\/web\/wp-json\/wp\/v2\/users\/1"}],"replies":[{"embeddable":true,"href":"https:\/\/radiostargjilan.com\/web\/wp-json\/wp\/v2\/comments?post=126416"}],"version-history":[{"count":0,"href":"https:\/\/radiostargjilan.com\/web\/wp-json\/wp\/v2\/posts\/126416\/revisions"}],"wp:featuredmedia":[{"embeddable":true,"href":"https:\/\/radiostargjilan.com\/web\/wp-json\/wp\/v2\/media\/125566"}],"wp:attachment":[{"href":"https:\/\/radiostargjilan.com\/web\/wp-json\/wp\/v2\/media?parent=126416"}],"wp:term":[{"taxonomy":"category","embeddable":true,"href":"https:\/\/radiostargjilan.com\/web\/wp-json\/wp\/v2\/categories?post=126416"},{"taxonomy":"post_tag","embeddable":true,"href":"https:\/\/radiostargjilan.com\/web\/wp-json\/wp\/v2\/tags?post=126416"}],"curies":[{"name":"wp","href":"https:\/\/api.w.org\/{rel}","templated":true}]}}