{"id":12709,"date":"2018-03-04T14:00:56","date_gmt":"2018-03-04T14:00:56","guid":{"rendered":"http:\/\/radiostargjilan.com\/web\/?p=12709"},"modified":"2018-03-04T14:00:56","modified_gmt":"2018-03-04T14:00:56","slug":"myftiu-i-beogradit-kosova-eshte-djep-i-serbise","status":"publish","type":"post","link":"https:\/\/radiostargjilan.com\/web\/myftiu-i-beogradit-kosova-eshte-djep-i-serbise\/","title":{"rendered":"Myftiu i Beogradit: Kosova \u00ebsht\u00eb djep i Serbis\u00eb"},"content":{"rendered":"<p>Myftiu i Serbis\u00eb, Mustafa Jusufspahiq ka deklaruar se Bashk\u00ebsia Islame e k\u00ebtij shteti e respekton presidentin, Aleksander Vu\u00e7iq dhe sipas tij, \u00e7do her\u00eb ka marr\u00ebdh\u00ebnie t\u00eb mir\u00eb me autoritetet vendore.<\/p>\n<p>Ai duke folur p\u00ebr gazet\u00ebn Novosti, ka theksuar se komuniteti islam n\u00eb Serbi duhet t\u2019i respektoj\u00eb pik\u00ebpamjet e Vu\u00e7iq p\u00ebr aq sa Kosova paraqet shqet\u00ebsm.<\/p>\n<p>\u201cNuk duam q\u00eb vendi yn\u00eb t\u00eb jet\u00eb i ndar\u00eb dhe p\u00ebr m\u00eb tep\u00ebr nuk \u00ebsht\u00eb e drejt\u00eb q\u00eb vendit t\u2019i shk\u00ebputet djepi (Kosova).<\/p>\n<p>Bashk\u00ebsia Islame e Serbis\u00eb ka interes q\u00eb t\u00eb ket\u00eb sa m\u00eb shum\u00eb mysliman\u00eb n\u00eb vend dhe duke e ndar\u00eb Kosov\u00ebn, mysliman\u00ebt mbesin minoritet\u201d, \u00ebsht\u00eb shprehur Myftiu serb.\/Indeksonline\/<\/p>\n","protected":false},"excerpt":{"rendered":"<p>Myftiu i Serbis\u00eb, Mustafa Jusufspahiq ka deklaruar se Bashk\u00ebsia Islame e k\u00ebtij shteti e respekton presidentin, Aleksander Vu\u00e7iq dhe sipas tij, \u00e7do her\u00eb ka marr\u00ebdh\u00ebnie t\u00eb mir\u00eb me autoritetet vendore. Ai duke folur p\u00ebr gazet\u00ebn Novosti, ka theksuar se komuniteti islam n\u00eb Serbi duhet t\u2019i respektoj\u00eb pik\u00ebpamjet e Vu\u00e7iq p\u00ebr aq sa Kosova paraqet shqet\u00ebsm. [&hellip;]<\/p>\n","protected":false},"author":1,"featured_media":12710,"comment_status":"closed","ping_status":"closed","sticky":false,"template":"","format":"standard","meta":{"footnotes":""},"categories":[5],"tags":[],"class_list":{"0":"post-12709","1":"post","2":"type-post","3":"status-publish","4":"format-standard","5":"has-post-thumbnail","7":"category-lajme"},"_links":{"self":[{"href":"https:\/\/radiostargjilan.com\/web\/wp-json\/wp\/v2\/posts\/12709","targetHints":{"allow":["GET"]}}],"collection":[{"href":"https:\/\/radiostargjilan.com\/web\/wp-json\/wp\/v2\/posts"}],"about":[{"href":"https:\/\/radiostargjilan.com\/web\/wp-json\/wp\/v2\/types\/post"}],"author":[{"embeddable":true,"href":"https:\/\/radiostargjilan.com\/web\/wp-json\/wp\/v2\/users\/1"}],"replies":[{"embeddable":true,"href":"https:\/\/radiostargjilan.com\/web\/wp-json\/wp\/v2\/comments?post=12709"}],"version-history":[{"count":0,"href":"https:\/\/radiostargjilan.com\/web\/wp-json\/wp\/v2\/posts\/12709\/revisions"}],"wp:featuredmedia":[{"embeddable":true,"href":"https:\/\/radiostargjilan.com\/web\/wp-json\/wp\/v2\/media\/12710"}],"wp:attachment":[{"href":"https:\/\/radiostargjilan.com\/web\/wp-json\/wp\/v2\/media?parent=12709"}],"wp:term":[{"taxonomy":"category","embeddable":true,"href":"https:\/\/radiostargjilan.com\/web\/wp-json\/wp\/v2\/categories?post=12709"},{"taxonomy":"post_tag","embeddable":true,"href":"https:\/\/radiostargjilan.com\/web\/wp-json\/wp\/v2\/tags?post=12709"}],"curies":[{"name":"wp","href":"https:\/\/api.w.org\/{rel}","templated":true}]}}