{"id":127318,"date":"2022-09-24T20:45:58","date_gmt":"2022-09-24T18:45:58","guid":{"rendered":"https:\/\/radiostargjilan.com\/web\/?p=127318"},"modified":"2022-09-24T20:45:58","modified_gmt":"2022-09-24T18:45:58","slug":"giresse-nuk-e-meritonim-humbjen-jane-dy-momente-qe-humbem-ndeshjen","status":"publish","type":"post","link":"https:\/\/radiostargjilan.com\/web\/giresse-nuk-e-meritonim-humbjen-jane-dy-momente-qe-humbem-ndeshjen\/","title":{"rendered":"Giresse: Nuk e meritonim humbjen, jan\u00eb dy momente q\u00eb humb\u00ebm ndeshjen"},"content":{"rendered":"<p>Kosova krijoi shum\u00eb, kaloi n\u00eb avantazh, por doli pa pik\u00eb nga transferta ndaj Irland\u00ebs s\u00eb Veriut n\u00eb Nations League.<\/p>\n<p>Trajneri francez i Dardan\u00ebve, Alain Giresse komentoi humbjen 2-1 n\u00eb deklarat\u00ebn p\u00ebr SuperSport, ku nd\u00ebr t\u00eb tjera tha:<\/p>\n<p>\u201cRezultati \u00ebsht\u00eb ky, e pam\u00eb loj\u00ebn. Nuk e meritonim humbjen duke para parasysh loj\u00ebn ton\u00eb, por ky \u00ebsht\u00eb futbolli. Ndeshja ndahet n\u00eb dy pjes\u00eb. T\u00eb par\u00ebn e menaxhuam shum\u00eb mir\u00eb. N\u00eb pjes\u00ebn e dyt\u00eb pat\u00eb nj\u00eb reagim nga Irlanda e Veriut.<\/p>\n<p>M\u00eb vjen keq p\u00ebr rastet e shumta q\u00eb nuk i konkretizuam. \u00cbsht\u00eb pjesa teknike dhe mosreagimi i mir\u00eb pas atyre rasteve t\u00eb humbura. Nuk i shfryt\u00ebzuam rastet, prandaj jemi n\u00eb k\u00ebt\u00eb situat\u00eb q\u00eb jemi.<\/p>\n<p>Celina? Ai \u00ebsht\u00eb nd\u00ebrtues i loj\u00ebs, ka rolin t\u2019i jap\u00eb rit\u00ebm loj\u00ebs. Celina ia doli shum\u00eb mir\u00eb. Z\u00ebvend\u00ebsimet e vonuara t\u00eb Zenelit dhe Bytyqit? Jo medoemos, pasi edhe lojtar\u00ebt e tjer\u00eb luajt\u00ebn mir\u00eb. Ishim t\u00eb lodhur n\u00eb fundin e loj\u00ebs, nj\u00eb gj\u00eb e till\u00eb solli humbjen.<\/p>\n<p>Kur flasim p\u00ebr golat q\u00eb p\u00ebsojm\u00eb, gjithmon\u00eb ka pun\u00eb p\u00ebr t\u00eb b\u00ebr\u00eb. Nuk flas vet\u00ebm p\u00ebr golat q\u00eb p\u00ebsuam sot. Padyshim duhet b\u00ebr\u00eb pun\u00eb n\u00eb aspektin mbrojt\u00ebs, por duhet t\u2019i keni parasysh edhe mungesat q\u00eb pat\u00ebm p\u00ebr shkak t\u00eb d\u00ebmtimeve\u201d, deklaroi Giresse.<\/p>\n","protected":false},"excerpt":{"rendered":"<p>Kosova krijoi shum\u00eb, kaloi n\u00eb avantazh, por doli pa pik\u00eb nga transferta ndaj Irland\u00ebs s\u00eb Veriut n\u00eb Nations League. Trajneri francez i Dardan\u00ebve, Alain Giresse komentoi humbjen 2-1 n\u00eb deklarat\u00ebn p\u00ebr SuperSport, ku nd\u00ebr t\u00eb tjera tha: \u201cRezultati \u00ebsht\u00eb ky, e pam\u00eb loj\u00ebn. Nuk e meritonim humbjen duke para parasysh loj\u00ebn ton\u00eb, por ky \u00ebsht\u00eb [&hellip;]<\/p>\n","protected":false},"author":1,"featured_media":127319,"comment_status":"closed","ping_status":"closed","sticky":false,"template":"","format":"standard","meta":{"footnotes":""},"categories":[7],"tags":[],"class_list":{"0":"post-127318","1":"post","2":"type-post","3":"status-publish","4":"format-standard","5":"has-post-thumbnail","7":"category-sports"},"_links":{"self":[{"href":"https:\/\/radiostargjilan.com\/web\/wp-json\/wp\/v2\/posts\/127318","targetHints":{"allow":["GET"]}}],"collection":[{"href":"https:\/\/radiostargjilan.com\/web\/wp-json\/wp\/v2\/posts"}],"about":[{"href":"https:\/\/radiostargjilan.com\/web\/wp-json\/wp\/v2\/types\/post"}],"author":[{"embeddable":true,"href":"https:\/\/radiostargjilan.com\/web\/wp-json\/wp\/v2\/users\/1"}],"replies":[{"embeddable":true,"href":"https:\/\/radiostargjilan.com\/web\/wp-json\/wp\/v2\/comments?post=127318"}],"version-history":[{"count":0,"href":"https:\/\/radiostargjilan.com\/web\/wp-json\/wp\/v2\/posts\/127318\/revisions"}],"wp:featuredmedia":[{"embeddable":true,"href":"https:\/\/radiostargjilan.com\/web\/wp-json\/wp\/v2\/media\/127319"}],"wp:attachment":[{"href":"https:\/\/radiostargjilan.com\/web\/wp-json\/wp\/v2\/media?parent=127318"}],"wp:term":[{"taxonomy":"category","embeddable":true,"href":"https:\/\/radiostargjilan.com\/web\/wp-json\/wp\/v2\/categories?post=127318"},{"taxonomy":"post_tag","embeddable":true,"href":"https:\/\/radiostargjilan.com\/web\/wp-json\/wp\/v2\/tags?post=127318"}],"curies":[{"name":"wp","href":"https:\/\/api.w.org\/{rel}","templated":true}]}}