{"id":127495,"date":"2022-09-26T20:30:58","date_gmt":"2022-09-26T18:30:58","guid":{"rendered":"https:\/\/radiostargjilan.com\/web\/?p=127495"},"modified":"2022-09-26T20:30:58","modified_gmt":"2022-09-26T18:30:58","slug":"intelektualet-udhetojn-te-merkuren-per-ne-prishtine","status":"publish","type":"post","link":"https:\/\/radiostargjilan.com\/web\/intelektualet-udhetojn-te-merkuren-per-ne-prishtine\/","title":{"rendered":"\u201cIntelektual\u00ebt\u201d, udh\u00ebtojn t\u00eb m\u00ebrkuren p\u00ebr n\u00eb Prishtin\u00eb"},"content":{"rendered":"<p>FC Drita nuk do t\u00eb jet\u00eb e vetme n\u00eb p\u00ebrballje ndaj Prishtin\u00ebs, tifoz\u00ebt e tyre \u201cIntelektual\u00ebt\u201d kan\u00eb paralajm\u00ebruar udh\u00ebtim.<\/p>\n<p>FC Drita do t\u00eb zhvilloj ndeshjen e mbetur ndaj Prishtin\u00ebs, ku do t\u00eb luaj si mysafir\u00eb dhe ndeshja do t\u00eb zhvillohet n\u00ebn ndri\u00e7imin e reflektor\u00ebve n\u00eb stadiumin \u201cFadil Vokrri\u201d.<\/p>\n<p>M\u00eb posht\u00eb mund t\u00eb shikoni postimin e plot\u00eb t\u00eb \u201cIntelektual\u00ebve\u201d:<\/p>\n<p>\u2022 T\u00eb M\u00ebrkur\u00ebn shkojm\u00eb n\u00eb Prishtin\u00eb! <\/p>\n<p>DRITA, skuadra jon\u00eb e zemr\u00ebs, ka nj\u00eb ecuri pozitive n\u00eb k\u00ebt\u00eb sezon, me fitore p\u00ebrball\u00eb \u00e7do kund\u00ebrshtari direkt p\u00ebr titull. Andaj, djelmoshave tan\u00eb iu duhet forc\u00eb shtes\u00eb, iu duhet motivim dhe p\u00ebrkrahje drejt\u00eb fitores tjet\u00ebr, p\u00ebrkrahje e cila duhet t\u00eb mos mungoj\u00eb nga \u00e7do tifoz i Drit\u00ebs, nga \u00e7do djal\u00eb i Qytetit, nga t\u00eb gjith\u00eb qytetar\u00ebt e Gilanit! <\/p>\n<p>Pasnes\u00ebr udh\u00ebtojm\u00eb n\u00eb Prishtin\u00eb, p\u00ebr t\u00eb qen\u00eb numri 12 i formacionit Bardh\u00eb dhe Kalt\u00ebr. Ftojm\u00eb \u00e7do antar Ultras t\u00eb tifoz\u00ebris\u00eb, t&#8217;i bashkohet udh\u00ebtimit ton\u00eb t\u00eb organizuar me autobus\u00eb, p\u00ebr t\u00eb qen\u00eb sa m\u00eb t\u00eb bashkuar edhe n\u00eb k\u00ebt\u00eb transfert\u00eb.<\/p>\n<p>Takohemi te salla e sporteve n\u00eb ora 16:30, nga ku nisemi n\u00eb ora 17:00. N\u00eb &#8216;Fadil Vokrri&#8217;, si zakonisht, vendosemi n\u00eb sektorin verior t\u00eb stadiumit.<\/p>\n<p>All in Black. Merrni shallat, ftoni shok\u00ebt e b\u00ebhuni gati q\u00eb t&#8217;a mb\u00ebshtesim Krenarin\u00eb ton\u00eb, ashtu si\u00e7 e do tradita jon\u00eb tifoz\u00ebrike! <\/p>\n<p>N&#8217;zemr\u00ebn ton\u00eb veq TI je \u26aa\ufe0f\ud83d\udd35<\/p>\n","protected":false},"excerpt":{"rendered":"<p>FC Drita nuk do t\u00eb jet\u00eb e vetme n\u00eb p\u00ebrballje ndaj Prishtin\u00ebs, tifoz\u00ebt e tyre \u201cIntelektual\u00ebt\u201d kan\u00eb paralajm\u00ebruar udh\u00ebtim. FC Drita do t\u00eb zhvilloj ndeshjen e mbetur ndaj Prishtin\u00ebs, ku do t\u00eb luaj si mysafir\u00eb dhe ndeshja do t\u00eb zhvillohet n\u00ebn ndri\u00e7imin e reflektor\u00ebve n\u00eb stadiumin \u201cFadil Vokrri\u201d. M\u00eb posht\u00eb mund t\u00eb shikoni postimin e [&hellip;]<\/p>\n","protected":false},"author":1,"featured_media":127496,"comment_status":"closed","ping_status":"closed","sticky":false,"template":"","format":"standard","meta":{"footnotes":""},"categories":[7],"tags":[],"class_list":{"0":"post-127495","1":"post","2":"type-post","3":"status-publish","4":"format-standard","5":"has-post-thumbnail","7":"category-sports"},"_links":{"self":[{"href":"https:\/\/radiostargjilan.com\/web\/wp-json\/wp\/v2\/posts\/127495","targetHints":{"allow":["GET"]}}],"collection":[{"href":"https:\/\/radiostargjilan.com\/web\/wp-json\/wp\/v2\/posts"}],"about":[{"href":"https:\/\/radiostargjilan.com\/web\/wp-json\/wp\/v2\/types\/post"}],"author":[{"embeddable":true,"href":"https:\/\/radiostargjilan.com\/web\/wp-json\/wp\/v2\/users\/1"}],"replies":[{"embeddable":true,"href":"https:\/\/radiostargjilan.com\/web\/wp-json\/wp\/v2\/comments?post=127495"}],"version-history":[{"count":0,"href":"https:\/\/radiostargjilan.com\/web\/wp-json\/wp\/v2\/posts\/127495\/revisions"}],"wp:featuredmedia":[{"embeddable":true,"href":"https:\/\/radiostargjilan.com\/web\/wp-json\/wp\/v2\/media\/127496"}],"wp:attachment":[{"href":"https:\/\/radiostargjilan.com\/web\/wp-json\/wp\/v2\/media?parent=127495"}],"wp:term":[{"taxonomy":"category","embeddable":true,"href":"https:\/\/radiostargjilan.com\/web\/wp-json\/wp\/v2\/categories?post=127495"},{"taxonomy":"post_tag","embeddable":true,"href":"https:\/\/radiostargjilan.com\/web\/wp-json\/wp\/v2\/tags?post=127495"}],"curies":[{"name":"wp","href":"https:\/\/api.w.org\/{rel}","templated":true}]}}