{"id":127498,"date":"2022-09-26T20:38:22","date_gmt":"2022-09-26T18:38:22","guid":{"rendered":"https:\/\/radiostargjilan.com\/web\/?p=127498"},"modified":"2022-09-26T23:35:04","modified_gmt":"2022-09-26T21:35:04","slug":"kryetari-hyseni-priti-ne-takim-nje-delegacionin-nga-partia-social-demokrate-ne-zvicer","status":"publish","type":"post","link":"https:\/\/radiostargjilan.com\/web\/kryetari-hyseni-priti-ne-takim-nje-delegacionin-nga-partia-social-demokrate-ne-zvicer\/","title":{"rendered":"Kryetari Hyseni priti n\u00eb takim nj\u00eb Delegacion nga Partia Social Demokrate n\u00eb Zvic\u00ebr"},"content":{"rendered":"<p>Kryetari i Gjilanit, Alban Hyseni, n\u00eb zyren e tij ka pritur ni\u00eb delegacion nga Partia Social Demokrate n\u00eb Zvic\u00ebr shkruan Radio Star.<\/p>\n<p>Hyseni ka th\u00ebn\u00eb se para tyre ka prezantuar projektet n\u00eb proces t\u00eb komun\u00ebs s\u00eb Gjilanit, ku delegacioni nga Zvcira u shpreh\u00ebn t\u00eb gatsh\u00ebm p\u00ebr mb\u00ebshtetje dhe bashk\u00ebpunim t\u00eb mir\u00ebfillt\u00eb.<\/p>\n<p>Shkrimi i plot\u00eb:<\/p>\n<p>Delegacionin nga Partia Social Demokrate n\u00eb Zvic\u00ebr, n\u00eb krye me kryetarin e PSD-s\u00eb n\u00eb Berneroberland, Dr. Hans Peter Berger, historianin Prof. Roland M\u00fcler dhe zonj\u00ebn Ursula Martin, deputete nga Bern, i mir\u00ebprit\u00ebm s\u00eb bashku me bashk\u00ebpun\u00ebtor\u00eb n\u00eb zyren time.<\/p>\n<p>Para tyre prezantova projektet n\u00eb proces t\u00eb komun\u00ebs s\u00eb Gjilanit dhe ato t\u00eb reja, p\u00ebr t\u00eb cilat u shpreh\u00ebn t\u00eb gatsh\u00ebm p\u00ebr mb\u00ebshtetje dhe bashk\u00ebpunim t\u00eb mir\u00ebfillt\u00eb.<\/p>\n<p>Kontributi dhe angazhimi i tyre i madh p\u00ebr vendin ton\u00eb, reflektoi edhe n\u00eb diskutimet e shumta e p\u00ebrmbajt\u00ebsore q\u00eb kishim.<\/p>\n","protected":false},"excerpt":{"rendered":"<p>Kryetari i Gjilanit, Alban Hyseni, n\u00eb zyren e tij ka pritur ni\u00eb delegacion nga Partia Social Demokrate n\u00eb Zvic\u00ebr shkruan Radio Star. Hyseni ka th\u00ebn\u00eb se para tyre ka prezantuar projektet n\u00eb proces t\u00eb komun\u00ebs s\u00eb Gjilanit, ku delegacioni nga Zvcira u shpreh\u00ebn t\u00eb gatsh\u00ebm p\u00ebr mb\u00ebshtetje dhe bashk\u00ebpunim t\u00eb mir\u00ebfillt\u00eb. Shkrimi i plot\u00eb: Delegacionin [&hellip;]<\/p>\n","protected":false},"author":1,"featured_media":127499,"comment_status":"closed","ping_status":"closed","sticky":false,"template":"","format":"standard","meta":{"footnotes":""},"categories":[5],"tags":[],"class_list":{"0":"post-127498","1":"post","2":"type-post","3":"status-publish","4":"format-standard","5":"has-post-thumbnail","7":"category-lajme"},"_links":{"self":[{"href":"https:\/\/radiostargjilan.com\/web\/wp-json\/wp\/v2\/posts\/127498","targetHints":{"allow":["GET"]}}],"collection":[{"href":"https:\/\/radiostargjilan.com\/web\/wp-json\/wp\/v2\/posts"}],"about":[{"href":"https:\/\/radiostargjilan.com\/web\/wp-json\/wp\/v2\/types\/post"}],"author":[{"embeddable":true,"href":"https:\/\/radiostargjilan.com\/web\/wp-json\/wp\/v2\/users\/1"}],"replies":[{"embeddable":true,"href":"https:\/\/radiostargjilan.com\/web\/wp-json\/wp\/v2\/comments?post=127498"}],"version-history":[{"count":0,"href":"https:\/\/radiostargjilan.com\/web\/wp-json\/wp\/v2\/posts\/127498\/revisions"}],"wp:featuredmedia":[{"embeddable":true,"href":"https:\/\/radiostargjilan.com\/web\/wp-json\/wp\/v2\/media\/127499"}],"wp:attachment":[{"href":"https:\/\/radiostargjilan.com\/web\/wp-json\/wp\/v2\/media?parent=127498"}],"wp:term":[{"taxonomy":"category","embeddable":true,"href":"https:\/\/radiostargjilan.com\/web\/wp-json\/wp\/v2\/categories?post=127498"},{"taxonomy":"post_tag","embeddable":true,"href":"https:\/\/radiostargjilan.com\/web\/wp-json\/wp\/v2\/tags?post=127498"}],"curies":[{"name":"wp","href":"https:\/\/api.w.org\/{rel}","templated":true}]}}