{"id":127522,"date":"2022-09-27T09:13:36","date_gmt":"2022-09-27T07:13:36","guid":{"rendered":"https:\/\/radiostargjilan.com\/web\/?p=127522"},"modified":"2022-09-27T09:13:36","modified_gmt":"2022-09-27T07:13:36","slug":"parashikimi-i-motit-per-sot-28","status":"publish","type":"post","link":"https:\/\/radiostargjilan.com\/web\/parashikimi-i-motit-per-sot-28\/","title":{"rendered":"Parashikimi i motit p\u00ebr sot"},"content":{"rendered":"<p>Sot n\u00eb Kosov\u00eb pritet t\u00eb mbaj\u00eb mot me vran\u00ebsira dhe intervale kohore me diell. Her\u00eb pas here priten rrebeshe afatshkurtra lokale me vet\u00ebtima dhe bubullim\u00eb t\u00eb cilat n\u00eb disa vise mund t\u00eb jen\u00eb t\u00eb fuqishme, por q\u00eb nuk zgjasin shum\u00eb.<\/p>\n<p>Temperatura maksimale pritet t\u00eb arrij\u00eb deri n\u00eb 21 grad\u00eb Celsius, nd\u00ebrsa parashihen er\u00ebra nga jugper\u00ebndimi her\u00eb pas here t\u00eb fuqishme.<\/p>\n<p>N\u00eb Shqip\u00ebri  pritet t\u00eb mbaj\u00eb mot kryesisht i vran\u00ebt dhe me ndonj\u00eb interval kohor me diell. Gjat\u00eb dit\u00ebs priten rrebeshe lokalisht t\u00eb fuqishme me vet\u00ebtima dhe bubullim\u00eb.<\/p>\n","protected":false},"excerpt":{"rendered":"<p>Sot n\u00eb Kosov\u00eb pritet t\u00eb mbaj\u00eb mot me vran\u00ebsira dhe intervale kohore me diell. Her\u00eb pas here priten rrebeshe afatshkurtra lokale me vet\u00ebtima dhe bubullim\u00eb t\u00eb cilat n\u00eb disa vise mund t\u00eb jen\u00eb t\u00eb fuqishme, por q\u00eb nuk zgjasin shum\u00eb. Temperatura maksimale pritet t\u00eb arrij\u00eb deri n\u00eb 21 grad\u00eb Celsius, nd\u00ebrsa parashihen er\u00ebra nga jugper\u00ebndimi [&hellip;]<\/p>\n","protected":false},"author":1,"featured_media":127422,"comment_status":"closed","ping_status":"closed","sticky":false,"template":"","format":"standard","meta":{"footnotes":""},"categories":[5],"tags":[],"class_list":{"0":"post-127522","1":"post","2":"type-post","3":"status-publish","4":"format-standard","5":"has-post-thumbnail","7":"category-lajme"},"_links":{"self":[{"href":"https:\/\/radiostargjilan.com\/web\/wp-json\/wp\/v2\/posts\/127522","targetHints":{"allow":["GET"]}}],"collection":[{"href":"https:\/\/radiostargjilan.com\/web\/wp-json\/wp\/v2\/posts"}],"about":[{"href":"https:\/\/radiostargjilan.com\/web\/wp-json\/wp\/v2\/types\/post"}],"author":[{"embeddable":true,"href":"https:\/\/radiostargjilan.com\/web\/wp-json\/wp\/v2\/users\/1"}],"replies":[{"embeddable":true,"href":"https:\/\/radiostargjilan.com\/web\/wp-json\/wp\/v2\/comments?post=127522"}],"version-history":[{"count":0,"href":"https:\/\/radiostargjilan.com\/web\/wp-json\/wp\/v2\/posts\/127522\/revisions"}],"wp:featuredmedia":[{"embeddable":true,"href":"https:\/\/radiostargjilan.com\/web\/wp-json\/wp\/v2\/media\/127422"}],"wp:attachment":[{"href":"https:\/\/radiostargjilan.com\/web\/wp-json\/wp\/v2\/media?parent=127522"}],"wp:term":[{"taxonomy":"category","embeddable":true,"href":"https:\/\/radiostargjilan.com\/web\/wp-json\/wp\/v2\/categories?post=127522"},{"taxonomy":"post_tag","embeddable":true,"href":"https:\/\/radiostargjilan.com\/web\/wp-json\/wp\/v2\/tags?post=127522"}],"curies":[{"name":"wp","href":"https:\/\/api.w.org\/{rel}","templated":true}]}}