{"id":127527,"date":"2022-09-27T10:01:12","date_gmt":"2022-09-27T08:01:12","guid":{"rendered":"https:\/\/radiostargjilan.com\/web\/?p=127527"},"modified":"2022-09-27T10:01:12","modified_gmt":"2022-09-27T08:01:12","slug":"mesimdhenesi-tahir-dalipi-ka-zgjedhur-nje-menyre-te-vecante-per-rifillimin-e-mesimit","status":"publish","type":"post","link":"https:\/\/radiostargjilan.com\/web\/mesimdhenesi-tahir-dalipi-ka-zgjedhur-nje-menyre-te-vecante-per-rifillimin-e-mesimit\/","title":{"rendered":"M\u00ebsimdh\u00ebn\u00ebsi Tahir Dalipi ka zgjedhur nj\u00eb m\u00ebnyr\u00eb t\u00eb ve\u00e7ant\u00eb p\u00ebr rifillimin e m\u00ebsimit"},"content":{"rendered":"<p>Tahir Dalipi, m\u00ebsimdh\u00ebn\u00ebs i Gjuh\u00ebs Fr\u00ebnge n\u00eb Gjimnazin Shoq\u00ebror \u201cZenel Hajdini\u201d n\u00eb Gjilan, ka zgjedhur nj\u00eb m\u00ebnyr\u00eb t\u00eb ve\u00e7ant\u00eb p\u00ebr rifillimin e m\u00ebsimit n\u00eb shkollat tona. Ai, n\u00eb hyrje t\u00eb Kompleksit t\u00eb Shkollave t\u00eb Mesme, ka vendosur nj\u00eb pano, n\u00eb t\u00eb cil\u00ebn ka dh\u00ebn\u00eb arsyet p\u00ebr domosdoshm\u00ebrin\u00eb e nisjes s\u00eb m\u00ebsimit, shkruan kryelajmi.com<\/p>\n<p>Dalipi n\u00eb pano ka shkruar:<\/p>\n<p>\u201cJemi m\u00ebsues,<\/p>\n<p>Nuk je mi t\u00eb k\u00ebnaqur me pozit\u00ebn ton\u00eb.<\/p>\n<p>As nx\u00ebn\u00ebsit, as prind\u00ebrit nuk jan\u00eb fajtor\u00eb p\u00ebr k\u00ebt\u00eb.<\/p>\n<p>Duke mos punuar po i nd\u00ebshkojm\u00eb ata, pa qen\u00eb p\u00ebrgjegj\u00ebs.<\/p>\n<p>Nuk mund t\u00eb presim derisa p\u00ebrgjegj\u00ebsit t\u00eb b\u00ebhen t\u00eb p\u00ebrgjegjsh\u00ebm.<\/p>\n<p>Po nisim pun\u00ebn!\u201d<\/p>\n<p>M\u00ebsimdh\u00ebn\u00ebsi Tahir Dalipi, thot\u00eb se t\u00ebr\u00eb e at\u00eb q\u00eb ka pasur t\u2019a thot\u00eb e ka nxjerr\u00eb n\u00eb pano, kurse ai ka ftuar ata q\u00eb mendojn\u00eb nj\u00ebjt\u00eb q\u00eb t\u2019i bashk\u00ebngjiten n\u00eb nism\u00ebn e tij.<\/p>\n<p>Kryelajmi.com<\/p>\n<p><a href=\"https:\/\/radiostargjilan.com\/web\/wp-content\/uploads\/2022\/09\/2DDD8E22-E871-4E09-817C-82AD82E9BD4A.jpeg\"><img loading=\"lazy\" loading=\"lazy\" decoding=\"async\" src=\"https:\/\/radiostargjilan.com\/web\/wp-content\/uploads\/2022\/09\/2DDD8E22-E871-4E09-817C-82AD82E9BD4A-300x169.jpeg\" alt=\"\" width=\"300\" height=\"169\" class=\"alignnone size-medium wp-image-127528\" srcset=\"https:\/\/radiostargjilan.com\/web\/wp-content\/uploads\/2022\/09\/2DDD8E22-E871-4E09-817C-82AD82E9BD4A-300x169.jpeg 300w, https:\/\/radiostargjilan.com\/web\/wp-content\/uploads\/2022\/09\/2DDD8E22-E871-4E09-817C-82AD82E9BD4A-1024x576.jpeg 1024w, https:\/\/radiostargjilan.com\/web\/wp-content\/uploads\/2022\/09\/2DDD8E22-E871-4E09-817C-82AD82E9BD4A-768x432.jpeg 768w, https:\/\/radiostargjilan.com\/web\/wp-content\/uploads\/2022\/09\/2DDD8E22-E871-4E09-817C-82AD82E9BD4A-390x220.jpeg 390w, https:\/\/radiostargjilan.com\/web\/wp-content\/uploads\/2022\/09\/2DDD8E22-E871-4E09-817C-82AD82E9BD4A.jpeg 1536w\" sizes=\"auto, (max-width: 300px) 100vw, 300px\" \/><\/a><\/p>\n","protected":false},"excerpt":{"rendered":"<p>Tahir Dalipi, m\u00ebsimdh\u00ebn\u00ebs i Gjuh\u00ebs Fr\u00ebnge n\u00eb Gjimnazin Shoq\u00ebror \u201cZenel Hajdini\u201d n\u00eb Gjilan, ka zgjedhur nj\u00eb m\u00ebnyr\u00eb t\u00eb ve\u00e7ant\u00eb p\u00ebr rifillimin e m\u00ebsimit n\u00eb shkollat tona. Ai, n\u00eb hyrje t\u00eb Kompleksit t\u00eb Shkollave t\u00eb Mesme, ka vendosur nj\u00eb pano, n\u00eb t\u00eb cil\u00ebn ka dh\u00ebn\u00eb arsyet p\u00ebr domosdoshm\u00ebrin\u00eb e nisjes s\u00eb m\u00ebsimit, shkruan kryelajmi.com Dalipi n\u00eb [&hellip;]<\/p>\n","protected":false},"author":1,"featured_media":127529,"comment_status":"closed","ping_status":"closed","sticky":false,"template":"","format":"standard","meta":{"footnotes":""},"categories":[5],"tags":[],"class_list":{"0":"post-127527","1":"post","2":"type-post","3":"status-publish","4":"format-standard","5":"has-post-thumbnail","7":"category-lajme"},"_links":{"self":[{"href":"https:\/\/radiostargjilan.com\/web\/wp-json\/wp\/v2\/posts\/127527","targetHints":{"allow":["GET"]}}],"collection":[{"href":"https:\/\/radiostargjilan.com\/web\/wp-json\/wp\/v2\/posts"}],"about":[{"href":"https:\/\/radiostargjilan.com\/web\/wp-json\/wp\/v2\/types\/post"}],"author":[{"embeddable":true,"href":"https:\/\/radiostargjilan.com\/web\/wp-json\/wp\/v2\/users\/1"}],"replies":[{"embeddable":true,"href":"https:\/\/radiostargjilan.com\/web\/wp-json\/wp\/v2\/comments?post=127527"}],"version-history":[{"count":0,"href":"https:\/\/radiostargjilan.com\/web\/wp-json\/wp\/v2\/posts\/127527\/revisions"}],"wp:featuredmedia":[{"embeddable":true,"href":"https:\/\/radiostargjilan.com\/web\/wp-json\/wp\/v2\/media\/127529"}],"wp:attachment":[{"href":"https:\/\/radiostargjilan.com\/web\/wp-json\/wp\/v2\/media?parent=127527"}],"wp:term":[{"taxonomy":"category","embeddable":true,"href":"https:\/\/radiostargjilan.com\/web\/wp-json\/wp\/v2\/categories?post=127527"},{"taxonomy":"post_tag","embeddable":true,"href":"https:\/\/radiostargjilan.com\/web\/wp-json\/wp\/v2\/tags?post=127527"}],"curies":[{"name":"wp","href":"https:\/\/api.w.org\/{rel}","templated":true}]}}