{"id":127531,"date":"2022-09-27T11:06:05","date_gmt":"2022-09-27T09:06:05","guid":{"rendered":"https:\/\/radiostargjilan.com\/web\/?p=127531"},"modified":"2022-09-27T11:06:05","modified_gmt":"2022-09-27T09:06:05","slug":"kuvendi-komunal-i-gjilanit-mban-seancen-e-radhes-me-29-shtator","status":"publish","type":"post","link":"https:\/\/radiostargjilan.com\/web\/kuvendi-komunal-i-gjilanit-mban-seancen-e-radhes-me-29-shtator\/","title":{"rendered":"Kuvendi Komunal i Gjilanit mban seanc\u00ebn e radh\u00ebs m\u00eb 29 shtator"},"content":{"rendered":"<p>Kuvendi Komunal i Gjilanit mban seanc\u00ebn e radh\u00ebs m\u00eb 29 shtator 2022 (salla e Kuvendit, ora 9:00)<\/p>\n<p><a href=\"https:\/\/radiostargjilan.com\/web\/wp-content\/uploads\/2022\/09\/655863B1-CB65-488C-95F4-00D28E4AD9BB.jpeg\"><img loading=\"lazy\" loading=\"lazy\" decoding=\"async\" src=\"https:\/\/radiostargjilan.com\/web\/wp-content\/uploads\/2022\/09\/655863B1-CB65-488C-95F4-00D28E4AD9BB-232x300.jpeg\" alt=\"\" width=\"232\" height=\"300\" class=\"alignnone size-medium wp-image-127535\" srcset=\"https:\/\/radiostargjilan.com\/web\/wp-content\/uploads\/2022\/09\/655863B1-CB65-488C-95F4-00D28E4AD9BB-232x300.jpeg 232w, https:\/\/radiostargjilan.com\/web\/wp-content\/uploads\/2022\/09\/655863B1-CB65-488C-95F4-00D28E4AD9BB-791x1024.jpeg 791w, https:\/\/radiostargjilan.com\/web\/wp-content\/uploads\/2022\/09\/655863B1-CB65-488C-95F4-00D28E4AD9BB-768x994.jpeg 768w, https:\/\/radiostargjilan.com\/web\/wp-content\/uploads\/2022\/09\/655863B1-CB65-488C-95F4-00D28E4AD9BB-1187x1536.jpeg 1187w, https:\/\/radiostargjilan.com\/web\/wp-content\/uploads\/2022\/09\/655863B1-CB65-488C-95F4-00D28E4AD9BB.jpeg 1280w\" sizes=\"auto, (max-width: 232px) 100vw, 232px\" \/><\/a><\/p>\n","protected":false},"excerpt":{"rendered":"<p>Kuvendi Komunal i Gjilanit mban seanc\u00ebn e radh\u00ebs m\u00eb 29 shtator 2022 (salla e Kuvendit, ora 9:00)<\/p>\n","protected":false},"author":1,"featured_media":127536,"comment_status":"closed","ping_status":"closed","sticky":false,"template":"","format":"standard","meta":{"footnotes":""},"categories":[5],"tags":[],"class_list":{"0":"post-127531","1":"post","2":"type-post","3":"status-publish","4":"format-standard","5":"has-post-thumbnail","7":"category-lajme"},"_links":{"self":[{"href":"https:\/\/radiostargjilan.com\/web\/wp-json\/wp\/v2\/posts\/127531","targetHints":{"allow":["GET"]}}],"collection":[{"href":"https:\/\/radiostargjilan.com\/web\/wp-json\/wp\/v2\/posts"}],"about":[{"href":"https:\/\/radiostargjilan.com\/web\/wp-json\/wp\/v2\/types\/post"}],"author":[{"embeddable":true,"href":"https:\/\/radiostargjilan.com\/web\/wp-json\/wp\/v2\/users\/1"}],"replies":[{"embeddable":true,"href":"https:\/\/radiostargjilan.com\/web\/wp-json\/wp\/v2\/comments?post=127531"}],"version-history":[{"count":0,"href":"https:\/\/radiostargjilan.com\/web\/wp-json\/wp\/v2\/posts\/127531\/revisions"}],"wp:featuredmedia":[{"embeddable":true,"href":"https:\/\/radiostargjilan.com\/web\/wp-json\/wp\/v2\/media\/127536"}],"wp:attachment":[{"href":"https:\/\/radiostargjilan.com\/web\/wp-json\/wp\/v2\/media?parent=127531"}],"wp:term":[{"taxonomy":"category","embeddable":true,"href":"https:\/\/radiostargjilan.com\/web\/wp-json\/wp\/v2\/categories?post=127531"},{"taxonomy":"post_tag","embeddable":true,"href":"https:\/\/radiostargjilan.com\/web\/wp-json\/wp\/v2\/tags?post=127531"}],"curies":[{"name":"wp","href":"https:\/\/api.w.org\/{rel}","templated":true}]}}