{"id":127532,"date":"2022-09-27T10:42:56","date_gmt":"2022-09-27T08:42:56","guid":{"rendered":"https:\/\/radiostargjilan.com\/web\/?p=127532"},"modified":"2022-09-27T10:42:56","modified_gmt":"2022-09-27T08:42:56","slug":"arrestohet-i-kerkuari-me-urdherese-te-gjykates-ne-gjilan","status":"publish","type":"post","link":"https:\/\/radiostargjilan.com\/web\/arrestohet-i-kerkuari-me-urdherese-te-gjykates-ne-gjilan\/","title":{"rendered":"Arrestohet i k\u00ebrkuari me urdh\u00ebres\u00eb t\u00eb Gjykat\u00ebs n\u00eb Gjilan"},"content":{"rendered":"<p>Policia ka arrestuar t\u00eb dyshuarin V.L, 25 vje\u00e7ar. Ai ishte i k\u00ebrkuar n\u00eb baz\u00eb t\u00eb urdh\u00ebres\u00ebs s\u00eb l\u00ebshuar nga Gjykata Themelore n\u00eb Gjilan p\u00ebr vepr\u00ebn penale \u201cL\u00ebndim i leht\u00eb trupor\u201d me d\u00ebnim burgimi prej nj\u00ebqind e tet\u00ebdhjet\u00eb dit\u00eb dit\u00ebsh.<\/p>\n<p>Sipas raportit t\u00eb Policis\u00eb, pas p\u00ebrfundimit t\u00eb procedurave i nj\u00ebjti \u00ebsht\u00eb d\u00ebrguar n\u00eb vuajtje t\u00eb d\u00ebnimit.<\/p>\n<p>\u201cGjilan, 27 shtator 2022-Drejtoria Rajonale e Policis\u00eb Gjilan, Stacioni Policor Gjilan me dat\u00ebn 26.09.2022 n\u00eb kuad\u00ebr t\u00eb planit operativ p\u00ebr realizim t\u00eb urdh\u00ebresave gjyq\u00ebsore ka arrestuar personin e k\u00ebrkuar Shqiptar Kosovar V.L. (1996). Ai ishte i k\u00ebrkuar n\u00eb baz\u00eb t\u00eb urdh\u00ebres\u00ebs s\u00eb l\u00ebshuar nga Gjykata Themelore n\u00eb Gjilan p\u00ebr vepr\u00ebn penale ,,L\u00ebndim i leht\u00eb trupor\u2019\u2019 nga Neni 185 i KPRK-s\u00eb me d\u00ebnim burgimi prej nj\u00ebqind e tet\u00ebdhjet\u00eb dit\u00eb (180) dit\u00ebsh\u201d, njofton policia.<\/p>\n","protected":false},"excerpt":{"rendered":"<p>Policia ka arrestuar t\u00eb dyshuarin V.L, 25 vje\u00e7ar. Ai ishte i k\u00ebrkuar n\u00eb baz\u00eb t\u00eb urdh\u00ebres\u00ebs s\u00eb l\u00ebshuar nga Gjykata Themelore n\u00eb Gjilan p\u00ebr vepr\u00ebn penale \u201cL\u00ebndim i leht\u00eb trupor\u201d me d\u00ebnim burgimi prej nj\u00ebqind e tet\u00ebdhjet\u00eb dit\u00eb dit\u00ebsh. Sipas raportit t\u00eb Policis\u00eb, pas p\u00ebrfundimit t\u00eb procedurave i nj\u00ebjti \u00ebsht\u00eb d\u00ebrguar n\u00eb vuajtje t\u00eb d\u00ebnimit. [&hellip;]<\/p>\n","protected":false},"author":1,"featured_media":127533,"comment_status":"closed","ping_status":"closed","sticky":false,"template":"","format":"standard","meta":{"footnotes":""},"categories":[5],"tags":[],"class_list":{"0":"post-127532","1":"post","2":"type-post","3":"status-publish","4":"format-standard","5":"has-post-thumbnail","7":"category-lajme"},"_links":{"self":[{"href":"https:\/\/radiostargjilan.com\/web\/wp-json\/wp\/v2\/posts\/127532","targetHints":{"allow":["GET"]}}],"collection":[{"href":"https:\/\/radiostargjilan.com\/web\/wp-json\/wp\/v2\/posts"}],"about":[{"href":"https:\/\/radiostargjilan.com\/web\/wp-json\/wp\/v2\/types\/post"}],"author":[{"embeddable":true,"href":"https:\/\/radiostargjilan.com\/web\/wp-json\/wp\/v2\/users\/1"}],"replies":[{"embeddable":true,"href":"https:\/\/radiostargjilan.com\/web\/wp-json\/wp\/v2\/comments?post=127532"}],"version-history":[{"count":0,"href":"https:\/\/radiostargjilan.com\/web\/wp-json\/wp\/v2\/posts\/127532\/revisions"}],"wp:featuredmedia":[{"embeddable":true,"href":"https:\/\/radiostargjilan.com\/web\/wp-json\/wp\/v2\/media\/127533"}],"wp:attachment":[{"href":"https:\/\/radiostargjilan.com\/web\/wp-json\/wp\/v2\/media?parent=127532"}],"wp:term":[{"taxonomy":"category","embeddable":true,"href":"https:\/\/radiostargjilan.com\/web\/wp-json\/wp\/v2\/categories?post=127532"},{"taxonomy":"post_tag","embeddable":true,"href":"https:\/\/radiostargjilan.com\/web\/wp-json\/wp\/v2\/tags?post=127532"}],"curies":[{"name":"wp","href":"https:\/\/api.w.org\/{rel}","templated":true}]}}