{"id":127544,"date":"2022-09-27T12:23:51","date_gmt":"2022-09-27T10:23:51","guid":{"rendered":"https:\/\/radiostargjilan.com\/web\/?p=127544"},"modified":"2022-09-27T12:25:13","modified_gmt":"2022-09-27T10:25:13","slug":"ternava-bik-mbeshtesim-kerkesat-e-mesimdhenesve-por-greva-duhet-te-nderpritet-sot","status":"publish","type":"post","link":"https:\/\/radiostargjilan.com\/web\/ternava-bik-mbeshtesim-kerkesat-e-mesimdhenesve-por-greva-duhet-te-nderpritet-sot\/","title":{"rendered":"Myftiu T\u00ebrnava u k\u00ebrkon m\u00ebsimdh\u00ebn\u00ebsve ta nd\u00ebrpresin grev\u00ebn, ka nj\u00eb ftes\u00eb edhe p\u00ebr Qeverin\u00eb"},"content":{"rendered":"<p>Myftiu i Kosov\u00ebs, Naim T\u00ebrnava, ka mbajtur sot nj\u00eb konferec\u00eb p\u00ebr media n\u00eb lidhje me grev\u00ebn n\u00eb arsim.<\/p>\n<p>Ai ka th\u00ebn\u00eb se Bashk\u00ebsia Islame e Kosov\u00ebs i mb\u00ebshtet\u00eb k\u00ebrkesat e m\u00ebsimdh\u00ebn\u00ebsve, por se greva duhet t\u00eb nd\u00ebrpritet sa m\u00eb par\u00eb, njofton Klan Kosova.<\/p>\n<p>\u201cNe e mb\u00ebshtesim k\u00ebrkes\u00ebn e m\u00ebsimdh\u00ebn\u00ebsve t\u00eb Kosov\u00eb p\u00ebr pag\u00eb t\u00eb dinjitetshme\u201d.<\/p>\n<p>\u201cTh\u00ebrras SBAShK-un q\u00eb sot ta nd\u00ebpresin grev\u00ebn dhe q\u00eb nes\u00ebr f\u00ebmij\u00ebt tan\u00eb t\u00eb kthehen n\u00eb bankat e shkoll\u00ebs\u201d.<\/p>\n<p>\u201cThrras Sindikat\u00ebn e Sh\u00ebrbyesve Civil\u00eb q\u00eb ta nd\u00ebrpresin grev\u00ebn dhe t\u00eb kthehen n\u00eb vendin e tyre t\u00eb pun\u00ebs dhe t\u00eb drejtat e tyre sindikale t\u2019i k\u00ebrkojn\u00eb p\u00ebrmes dialogut social\u201d.<\/p>\n<p>\u201cI b\u00ebj ftes\u00eb Qeveris\u00eb s\u00eb Kosov\u00ebs dhe Kuvendit q\u00eb sa m\u00eb par\u00eb ta miratojn\u00eb ligjin p\u00ebr paga dhe k\u00ebrkesat e sindikalist\u00ebve t\u00eb merren n\u00eb konsiderat\u00eb\u201d.<\/p>\n<p>\u201cMbes me shpres\u00eb q\u00eb nes\u00ebr nx\u00ebn\u00ebsit t\u2019i kemi n\u00eb bankat e shkollave dhe sh\u00ebrbyesit civil\u00eb ne vendet e tyre t\u00eb pun\u00ebs.\/KlanKosova\/<\/p>\n","protected":false},"excerpt":{"rendered":"<p>Myftiu i Kosov\u00ebs, Naim T\u00ebrnava, ka mbajtur sot nj\u00eb konferec\u00eb p\u00ebr media n\u00eb lidhje me grev\u00ebn n\u00eb arsim. Ai ka th\u00ebn\u00eb se Bashk\u00ebsia Islame e Kosov\u00ebs i mb\u00ebshtet\u00eb k\u00ebrkesat e m\u00ebsimdh\u00ebn\u00ebsve, por se greva duhet t\u00eb nd\u00ebrpritet sa m\u00eb par\u00eb, njofton Klan Kosova. \u201cNe e mb\u00ebshtesim k\u00ebrkes\u00ebn e m\u00ebsimdh\u00ebn\u00ebsve t\u00eb Kosov\u00eb p\u00ebr pag\u00eb t\u00eb dinjitetshme\u201d. [&hellip;]<\/p>\n","protected":false},"author":1,"featured_media":127545,"comment_status":"closed","ping_status":"closed","sticky":false,"template":"","format":"standard","meta":{"footnotes":""},"categories":[5],"tags":[],"class_list":{"0":"post-127544","1":"post","2":"type-post","3":"status-publish","4":"format-standard","5":"has-post-thumbnail","7":"category-lajme"},"_links":{"self":[{"href":"https:\/\/radiostargjilan.com\/web\/wp-json\/wp\/v2\/posts\/127544","targetHints":{"allow":["GET"]}}],"collection":[{"href":"https:\/\/radiostargjilan.com\/web\/wp-json\/wp\/v2\/posts"}],"about":[{"href":"https:\/\/radiostargjilan.com\/web\/wp-json\/wp\/v2\/types\/post"}],"author":[{"embeddable":true,"href":"https:\/\/radiostargjilan.com\/web\/wp-json\/wp\/v2\/users\/1"}],"replies":[{"embeddable":true,"href":"https:\/\/radiostargjilan.com\/web\/wp-json\/wp\/v2\/comments?post=127544"}],"version-history":[{"count":0,"href":"https:\/\/radiostargjilan.com\/web\/wp-json\/wp\/v2\/posts\/127544\/revisions"}],"wp:featuredmedia":[{"embeddable":true,"href":"https:\/\/radiostargjilan.com\/web\/wp-json\/wp\/v2\/media\/127545"}],"wp:attachment":[{"href":"https:\/\/radiostargjilan.com\/web\/wp-json\/wp\/v2\/media?parent=127544"}],"wp:term":[{"taxonomy":"category","embeddable":true,"href":"https:\/\/radiostargjilan.com\/web\/wp-json\/wp\/v2\/categories?post=127544"},{"taxonomy":"post_tag","embeddable":true,"href":"https:\/\/radiostargjilan.com\/web\/wp-json\/wp\/v2\/tags?post=127544"}],"curies":[{"name":"wp","href":"https:\/\/api.w.org\/{rel}","templated":true}]}}