{"id":127551,"date":"2022-09-27T14:06:11","date_gmt":"2022-09-27T12:06:11","guid":{"rendered":"https:\/\/radiostargjilan.com\/web\/?p=127551"},"modified":"2022-09-27T14:06:11","modified_gmt":"2022-09-27T12:06:11","slug":"drejtori-per-zhvillim-ekonomik-enver-shabani-vizitoi-punimet-te-cilat-jane-duke-u-zhvilluar-ne-tregun-e-gjelber-tregun-e-kafsheve-dhe-tregun-e-parkun-ne-zheger","status":"publish","type":"post","link":"https:\/\/radiostargjilan.com\/web\/drejtori-per-zhvillim-ekonomik-enver-shabani-vizitoi-punimet-te-cilat-jane-duke-u-zhvilluar-ne-tregun-e-gjelber-tregun-e-kafsheve-dhe-tregun-e-parkun-ne-zheger\/","title":{"rendered":"Drejtori p\u00ebr Zhvillim Ekonomik, Enver Shabani, vizitoi punimet t\u00eb cilat jan\u00eb duke u zhvilluar n\u00eb tregun e gjelb\u00ebr, tregun e kafsh\u00ebve dhe tregun e parkun n\u00eb Zheg\u00ebr"},"content":{"rendered":"<p> Drejtori p\u00ebr Zhvillim Ekonomik (DZHE)  n\u00eb Gjilan, Enver Shabani, ka vizituar punimet t\u00eb cilat jan\u00eb duke u zhvilluar n\u00eb tregun e gjelb\u00ebr t\u00eb qytetit, tregun e kafsh\u00ebve n\u00eb Velekinc\u00eb dhe n\u00eb tregun e parkun n\u00eb Zheg\u00ebr. <\/p>\n<p>Shabani ka b\u00ebr\u00eb t\u00eb ditur se n\u00eb tregun e gjelb\u00ebr t\u00eb qytetit shumica e pun\u00ebve kan\u00eb p\u00ebrfunduar dhe nj\u00eb pjes\u00eb e tregut \u00ebsht\u00eb n\u00eb funksion t\u00eb plot\u00eb, i cili po shfryt\u00ebzohet nga tregtar\u00ebt.<\/p>\n<p>\u201cTregtar\u00ebt n\u00eb tregun e gjelb\u00ebr t\u00eb qytetit jan\u00eb t\u00eb k\u00ebnaqur me hap\u00ebsirat t\u00eb cilat u jan\u00eb krijuar p\u00ebr t\u00eb zhvilluar veprimtarin\u00eb e tyre sa m\u00eb mir\u00eb dhe m\u00eb t\u00eb leht\u00eb\u201d, ka th\u00ebn\u00eb ai.<\/p>\n<p>\u201cN\u00eb tregun e kafsh\u00ebve n\u00eb fshatin Velekinc\u00eb nj\u00eb pjes\u00eb e madhe e punimeve kan\u00eb p\u00ebrfunduar si asfaltimi dhe ndri\u00e7imi ku dhe disa pun\u00eb n\u00eb aspektin infrastrukturor do t\u00eb p\u00ebrfundojn\u00eb dhe t\u00eb b\u00ebhet hapja e tregut p\u00ebr qytetar\u00ebt e komun\u00ebs s\u00eb Gjilanit.<\/p>\n<p>Nd\u00ebrsa, n\u00eb tregun e gjelb\u00ebr dhe parkun n\u00eb fshatin Zheg\u00ebr punimet kan\u00eb p\u00ebrfunduar n\u00eb p\u00ebrgjith\u00ebsi, p\u00ebrve\u00e7 disa pun\u00ebve p\u00ebrcjell\u00ebse jasht\u00eb objektit, ku dhe pritet t\u00eb b\u00ebhet hapja p\u00ebr banor\u00ebt e asaj rrethine\u201d, \u00ebsht\u00eb shprehur drejtori p\u00ebr Zhvillim Ekonomik n\u00eb Gjilan, Enver Shabani.<\/p>\n","protected":false},"excerpt":{"rendered":"<p>Drejtori p\u00ebr Zhvillim Ekonomik (DZHE) n\u00eb Gjilan, Enver Shabani, ka vizituar punimet t\u00eb cilat jan\u00eb duke u zhvilluar n\u00eb tregun e gjelb\u00ebr t\u00eb qytetit, tregun e kafsh\u00ebve n\u00eb Velekinc\u00eb dhe n\u00eb tregun e parkun n\u00eb Zheg\u00ebr. Shabani ka b\u00ebr\u00eb t\u00eb ditur se n\u00eb tregun e gjelb\u00ebr t\u00eb qytetit shumica e pun\u00ebve kan\u00eb p\u00ebrfunduar dhe nj\u00eb [&hellip;]<\/p>\n","protected":false},"author":1,"featured_media":127552,"comment_status":"closed","ping_status":"closed","sticky":false,"template":"","format":"standard","meta":{"footnotes":""},"categories":[5],"tags":[],"class_list":{"0":"post-127551","1":"post","2":"type-post","3":"status-publish","4":"format-standard","5":"has-post-thumbnail","7":"category-lajme"},"_links":{"self":[{"href":"https:\/\/radiostargjilan.com\/web\/wp-json\/wp\/v2\/posts\/127551","targetHints":{"allow":["GET"]}}],"collection":[{"href":"https:\/\/radiostargjilan.com\/web\/wp-json\/wp\/v2\/posts"}],"about":[{"href":"https:\/\/radiostargjilan.com\/web\/wp-json\/wp\/v2\/types\/post"}],"author":[{"embeddable":true,"href":"https:\/\/radiostargjilan.com\/web\/wp-json\/wp\/v2\/users\/1"}],"replies":[{"embeddable":true,"href":"https:\/\/radiostargjilan.com\/web\/wp-json\/wp\/v2\/comments?post=127551"}],"version-history":[{"count":0,"href":"https:\/\/radiostargjilan.com\/web\/wp-json\/wp\/v2\/posts\/127551\/revisions"}],"wp:featuredmedia":[{"embeddable":true,"href":"https:\/\/radiostargjilan.com\/web\/wp-json\/wp\/v2\/media\/127552"}],"wp:attachment":[{"href":"https:\/\/radiostargjilan.com\/web\/wp-json\/wp\/v2\/media?parent=127551"}],"wp:term":[{"taxonomy":"category","embeddable":true,"href":"https:\/\/radiostargjilan.com\/web\/wp-json\/wp\/v2\/categories?post=127551"},{"taxonomy":"post_tag","embeddable":true,"href":"https:\/\/radiostargjilan.com\/web\/wp-json\/wp\/v2\/tags?post=127551"}],"curies":[{"name":"wp","href":"https:\/\/api.w.org\/{rel}","templated":true}]}}