{"id":127910,"date":"2022-10-01T23:44:40","date_gmt":"2022-10-01T21:44:40","guid":{"rendered":"https:\/\/radiostargjilan.com\/web\/?p=127910"},"modified":"2022-10-01T23:44:40","modified_gmt":"2022-10-01T21:44:40","slug":"svecla-me-mesazh-per-qytetaret-ne-veri-te-kosoves-ktheni-targat-ne-rks","status":"publish","type":"post","link":"https:\/\/radiostargjilan.com\/web\/svecla-me-mesazh-per-qytetaret-ne-veri-te-kosoves-ktheni-targat-ne-rks\/","title":{"rendered":"Sve\u00e7la me mesazh p\u00ebr qytetar\u00ebt n\u00eb veri t\u00eb Kosov\u00ebs: Ktheni targat n\u00eb RKS"},"content":{"rendered":"<p>Qytear\u00ebt n\u00eb veri t\u00eb Kosov\u00ebs mor\u00ebn nj\u00eb videomesazh nga ministri i Pun\u00ebve t\u00eb Brendshme, Xelal Sve\u00e7la.\ufffd\ufffdSve\u00e7la ka postuar nj\u00eb video n\u00eb faqen e tij zyrtare n\u00eb Facebook, n\u00eb t\u00eb cil\u00ebn u b\u00ebn thirrje serb\u00ebve n\u00eb veri q\u00eb t&#8217;i nd\u00ebrrojn\u00eb targat e tyre n\u00eb &#8220;RKS&#8221;.<\/p>\n<p>\u201cProcesi dymujor, i cili p\u00ebrfundon m\u00eb 31 tetor, \u00ebsht\u00eb nj\u00eb mund\u00ebsi e fundit q\u00eb t\u00eb gjith\u00eb pronar\u00ebt qe posedojn\u00eb mjete me targa ilegale, t\u2019i kthejn\u00eb ato n\u00eb targa RKS\u201d deklaroi Sve\u00e7la p\u00ebrmes videomesazhit.<\/p>\n<p>Sipas tij, kjo do t\u00eb thjeshtoj\u00eb nj\u00eb s\u00ebr\u00eb operacionesh, p\u00ebrfshir\u00eb regjistrimin e makin\u00ebs, zhdoganimin, mbledhjen e taksave.<\/p>\n<p>Teksa u b\u00ebri thirrje t\u00eb gjith\u00eb atyre q\u00eb nuk i kan\u00eb nd\u00ebrruar targat n\u00eb \u201cRKS\u201d q\u00eb ta b\u00ebjn\u00eb k\u00ebt\u00eb n\u00eb amvis\u00ebri vendase, Sve\u00e7la theksoi se jan\u00eb t\u00eb p\u00ebrkushtuar p\u00ebr ruajtjen e qet\u00ebsis\u00eb dhe rendit n\u00eb vend.<\/p>\n","protected":false},"excerpt":{"rendered":"<p>Qytear\u00ebt n\u00eb veri t\u00eb Kosov\u00ebs mor\u00ebn nj\u00eb videomesazh nga ministri i Pun\u00ebve t\u00eb Brendshme, Xelal Sve\u00e7la.\ufffd\ufffdSve\u00e7la ka postuar nj\u00eb video n\u00eb faqen e tij zyrtare n\u00eb Facebook, n\u00eb t\u00eb cil\u00ebn u b\u00ebn thirrje serb\u00ebve n\u00eb veri q\u00eb t&#8217;i nd\u00ebrrojn\u00eb targat e tyre n\u00eb &#8220;RKS&#8221;. \u201cProcesi dymujor, i cili p\u00ebrfundon m\u00eb 31 tetor, \u00ebsht\u00eb nj\u00eb mund\u00ebsi [&hellip;]<\/p>\n","protected":false},"author":1,"featured_media":127911,"comment_status":"closed","ping_status":"closed","sticky":false,"template":"","format":"standard","meta":{"footnotes":""},"categories":[5],"tags":[],"class_list":{"0":"post-127910","1":"post","2":"type-post","3":"status-publish","4":"format-standard","5":"has-post-thumbnail","7":"category-lajme"},"_links":{"self":[{"href":"https:\/\/radiostargjilan.com\/web\/wp-json\/wp\/v2\/posts\/127910","targetHints":{"allow":["GET"]}}],"collection":[{"href":"https:\/\/radiostargjilan.com\/web\/wp-json\/wp\/v2\/posts"}],"about":[{"href":"https:\/\/radiostargjilan.com\/web\/wp-json\/wp\/v2\/types\/post"}],"author":[{"embeddable":true,"href":"https:\/\/radiostargjilan.com\/web\/wp-json\/wp\/v2\/users\/1"}],"replies":[{"embeddable":true,"href":"https:\/\/radiostargjilan.com\/web\/wp-json\/wp\/v2\/comments?post=127910"}],"version-history":[{"count":0,"href":"https:\/\/radiostargjilan.com\/web\/wp-json\/wp\/v2\/posts\/127910\/revisions"}],"wp:featuredmedia":[{"embeddable":true,"href":"https:\/\/radiostargjilan.com\/web\/wp-json\/wp\/v2\/media\/127911"}],"wp:attachment":[{"href":"https:\/\/radiostargjilan.com\/web\/wp-json\/wp\/v2\/media?parent=127910"}],"wp:term":[{"taxonomy":"category","embeddable":true,"href":"https:\/\/radiostargjilan.com\/web\/wp-json\/wp\/v2\/categories?post=127910"},{"taxonomy":"post_tag","embeddable":true,"href":"https:\/\/radiostargjilan.com\/web\/wp-json\/wp\/v2\/tags?post=127910"}],"curies":[{"name":"wp","href":"https:\/\/api.w.org\/{rel}","templated":true}]}}